
{"id":93596,"date":"2021-03-08T20:16:35","date_gmt":"2021-03-08T23:16:35","guid":{"rendered":"https:\/\/www.sudoestehoje.com.br\/novoportal\/?p=93596"},"modified":"2021-03-08T20:16:35","modified_gmt":"2021-03-08T23:16:35","slug":"itapetinga-vereador-testa-positivo-para-covid-19-e-camara-deve-adotar-medidas-protetivas-drasticas","status":"publish","type":"post","link":"https:\/\/www.sudoestehoje.com.br\/novoportal\/2021\/03\/08\/itapetinga-vereador-testa-positivo-para-covid-19-e-camara-deve-adotar-medidas-protetivas-drasticas\/","title":{"rendered":"ITAPETINGA: VEREADOR TESTA POSITIVO PARA COVID-19 E C\u00c2MARA DEVE ADOTAR MEDIDAS PROTETIVAS DR\u00c1STICAS"},"content":{"rendered":"<p><a href=\"https:\/\/www.sudoestehoje.com.br\/novoportal\/wp-content\/uploads\/2021\/03\/Camara-de-Itapetinga.jpg\"><img loading=\"lazy\" decoding=\"async\" class=\"aligncenter size-medium wp-image-93599\" src=\"https:\/\/www.sudoestehoje.com.br\/novoportal\/wp-content\/uploads\/2021\/03\/Camara-de-Itapetinga-500x280.jpg\" alt=\"\" width=\"500\" height=\"280\" srcset=\"https:\/\/www.sudoestehoje.com.br\/novoportal\/wp-content\/uploads\/2021\/03\/Camara-de-Itapetinga-500x280.jpg 500w, https:\/\/www.sudoestehoje.com.br\/novoportal\/wp-content\/uploads\/2021\/03\/Camara-de-Itapetinga.jpg 640w\" sizes=\"auto, (max-width: 500px) 100vw, 500px\" \/><\/a><\/p>\n<p><strong>Um vereador de Itapetinga, cujo nome n\u00e3o foi divulgado, testou positivo para Covid-19, o que ligou a sinal de alerta nas depend\u00eancias da C\u00e2mara de Vereadores, nesta segunda-feira (8), e provid\u00eancias protetivas dr\u00e1sticas dever\u00e3o ser adotadas a partir desta semana, para evitar outras contamina\u00e7\u00f5es.<\/strong><\/p>\n<p><strong>Na semana passada, um servidor da c\u00e2mara tamb\u00e9m testou positivo, mas foi afastado do servi\u00e7o imediatamente, pelo per\u00edodo necess\u00e1rio para o seu restabelecimento. E per\u00edodo anterior, outros casos j\u00e1 haviam sido registrados, envolvendo servidores do legislativo municipal.<\/strong><\/p>\n<p><strong>Al\u00e9m de ter que passar por um processo de desinfec\u00e7\u00e3o nas suas depend\u00eancias, a dire\u00e7\u00e3o da Casa Legislativa de limitar a quantidade de servidores com acesso ao pr\u00e9dio da c\u00e2mara, implantando um sistema de revezamento nos gabinetes e setores administrativos. <\/strong><\/p>\n<p><strong>O acesso do p\u00fablico dever\u00e1 ser controlado ou at\u00e9 suspenso, pelo prazo necess\u00e1rio, at\u00e9 que haja um decl\u00ednio significativo nos \u00edndices da pandemia, em Itapetinga e no estado.\u00a0\u00a0<\/strong><\/p>\n<p><strong>As sess\u00f5es legislativas ordin\u00e1rias dever\u00e3o continuar pelo sistema remoto, ficando vedada a utiliza\u00e7\u00e3o do plen\u00e1rio, para este fim.<\/strong><\/p>\n<p><strong>Portaria da Mesa Diretora da C\u00e2mara dever\u00e1 ser baixada, nas pr\u00f3ximas horas, regulando o funcionamento da c\u00e2mara, com novas restri\u00e7\u00f5es.<\/strong><\/p>\n<p><strong><em>Por Davi Ferraz\u00a0<\/em><\/strong><\/p>\n","protected":false},"excerpt":{"rendered":"<p>Um vereador de Itapetinga, cujo nome n\u00e3o foi divulgado, testou positivo para Covid-19, o que ligou a sinal de alerta nas depend\u00eancias da C\u00e2mara de Vereadores, nesta segunda-feira (8), e provid\u00eancias protetivas dr\u00e1sticas dever\u00e3o ser adotadas a partir desta semana, para evitar outras contamina\u00e7\u00f5es. Na semana passada, um servidor da c\u00e2mara tamb\u00e9m testou positivo, mas [&hellip;]<\/p>\n","protected":false},"author":2,"featured_media":93599,"comment_status":"open","ping_status":"open","sticky":false,"template":"","format":"standard","meta":{"footnotes":"","_links_to":"","_links_to_target":""},"categories":[1],"tags":[],"class_list":["post-93596","post","type-post","status-publish","format-standard","has-post-thumbnail","hentry","category-geral"],"views":1515,"_links":{"self":[{"href":"https:\/\/www.sudoestehoje.com.br\/novoportal\/wp-json\/wp\/v2\/posts\/93596","targetHints":{"allow":["GET"]}}],"collection":[{"href":"https:\/\/www.sudoestehoje.com.br\/novoportal\/wp-json\/wp\/v2\/posts"}],"about":[{"href":"https:\/\/www.sudoestehoje.com.br\/novoportal\/wp-json\/wp\/v2\/types\/post"}],"author":[{"embeddable":true,"href":"https:\/\/www.sudoestehoje.com.br\/novoportal\/wp-json\/wp\/v2\/users\/2"}],"replies":[{"embeddable":true,"href":"https:\/\/www.sudoestehoje.com.br\/novoportal\/wp-json\/wp\/v2\/comments?post=93596"}],"version-history":[{"count":3,"href":"https:\/\/www.sudoestehoje.com.br\/novoportal\/wp-json\/wp\/v2\/posts\/93596\/revisions"}],"predecessor-version":[{"id":93600,"href":"https:\/\/www.sudoestehoje.com.br\/novoportal\/wp-json\/wp\/v2\/posts\/93596\/revisions\/93600"}],"wp:featuredmedia":[{"embeddable":true,"href":"https:\/\/www.sudoestehoje.com.br\/novoportal\/wp-json\/wp\/v2\/media\/93599"}],"wp:attachment":[{"href":"https:\/\/www.sudoestehoje.com.br\/novoportal\/wp-json\/wp\/v2\/media?parent=93596"}],"wp:term":[{"taxonomy":"category","embeddable":true,"href":"https:\/\/www.sudoestehoje.com.br\/novoportal\/wp-json\/wp\/v2\/categories?post=93596"},{"taxonomy":"post_tag","embeddable":true,"href":"https:\/\/www.sudoestehoje.com.br\/novoportal\/wp-json\/wp\/v2\/tags?post=93596"}],"curies":[{"name":"wp","href":"https:\/\/api.w.org\/{rel}","templated":true}]}}