
{"id":93591,"date":"2021-03-08T18:14:11","date_gmt":"2021-03-08T21:14:11","guid":{"rendered":"https:\/\/www.sudoestehoje.com.br\/novoportal\/?p=93591"},"modified":"2021-03-08T18:14:11","modified_gmt":"2021-03-08T21:14:11","slug":"pgr-vai-recorrer-no-stf-da-decisao-que-anulou-condenacoes-de-lula-na-lava-jato","status":"publish","type":"post","link":"https:\/\/www.sudoestehoje.com.br\/novoportal\/2021\/03\/08\/pgr-vai-recorrer-no-stf-da-decisao-que-anulou-condenacoes-de-lula-na-lava-jato\/","title":{"rendered":"PGR VAI RECORRER NO STF DA DECIS\u00c3O QUE ANULOU CONDENA\u00c7\u00d5ES DE LULA NA LAVA-JATO"},"content":{"rendered":"<p><a href=\"https:\/\/www.sudoestehoje.com.br\/novoportal\/wp-content\/uploads\/2021\/03\/aras-fachin-600x400-1.png\"><img loading=\"lazy\" decoding=\"async\" class=\"aligncenter size-medium wp-image-93594\" src=\"https:\/\/www.sudoestehoje.com.br\/novoportal\/wp-content\/uploads\/2021\/03\/aras-fachin-600x400-1-500x333.png\" alt=\"\" width=\"500\" height=\"333\" srcset=\"https:\/\/www.sudoestehoje.com.br\/novoportal\/wp-content\/uploads\/2021\/03\/aras-fachin-600x400-1-500x333.png 500w, https:\/\/www.sudoestehoje.com.br\/novoportal\/wp-content\/uploads\/2021\/03\/aras-fachin-600x400-1.png 600w\" sizes=\"auto, (max-width: 500px) 100vw, 500px\" \/><\/a><\/p>\n<p>A Procuradoria-Geral da Rep\u00fablica (PGR) informou, nesta segunda-feira (8), que vai recorrer da decis\u00e3o do ministro Edson Fachin, do Supremo Tribunal Federal (STF), de anular as condena\u00e7\u00f5es do ex-presidente Luiz In\u00e1cio Lula da Silva no \u00e2mbito da Opera\u00e7\u00e3o Lava Jato (<a href=\"https:\/\/www.bahianoticias.com.br\/noticia\/257229-fachin-anula-condenacoes-de-lula-no-ambito-da-lava-jato-ex-presidente-torna-se-elegivel.html?utm_source=principal&amp;utm_medium=link&amp;utm_campaign=destaques\">saiba mais aqui<\/a>). As informa\u00e7\u00f5es s\u00e3o do jornal Estado de S. Paulo.<\/p>\n<p style=\"font-weight: 400;\">A assessoria de imprensa da Procuradoria-Geral informou que o recurso ser\u00e1 preparado pela subprocuradora-geral Lind\u00f4ra Maria de Ara\u00fajo, bra\u00e7o-direito do procurador-geral Augusto Aras e respons\u00e1vel pelos processos da Lava Jato no STF.<\/p>\n<p style=\"font-weight: 400;\">O \u00f3rg\u00e3o n\u00e3o deu detalhes sobre quais pontos da decis\u00e3o ser\u00e3o contestados. J\u00e1 a assessoria de imprensa do Minist\u00e9rio P\u00fablico Federal do Paran\u00e1, que apresentou as den\u00fancias, n\u00e3o se manifestou.<\/p>\n<p style=\"font-weight: 400;\">O atual coordenador da Opera\u00e7\u00e3o Lava Jato no Paran\u00e1, Alessandro Oliveira, disse que n\u00e3o ir\u00e1 comentar a decis\u00e3o de Fachin. Questionado sobre o impacto da decis\u00e3o, Oliveira disse avaliar como \u201cgrande\u201d, mas que ainda seria preciso estudar a decis\u00e3o. Procurado por telefone, o ex-coordenador da For\u00e7a-Tarefa, Deltan Dallagnol, n\u00e3o atendeu as chamadas da reportagem at\u00e9 o momento.<\/p>\n","protected":false},"excerpt":{"rendered":"<p>A Procuradoria-Geral da Rep\u00fablica (PGR) informou, nesta segunda-feira (8), que vai recorrer da decis\u00e3o do ministro Edson Fachin, do Supremo Tribunal Federal (STF), de anular as condena\u00e7\u00f5es do ex-presidente Luiz In\u00e1cio Lula da Silva no \u00e2mbito da Opera\u00e7\u00e3o Lava Jato (saiba mais aqui). As informa\u00e7\u00f5es s\u00e3o do jornal Estado de S. Paulo. A assessoria de [&hellip;]<\/p>\n","protected":false},"author":2,"featured_media":93593,"comment_status":"open","ping_status":"open","sticky":false,"template":"","format":"standard","meta":{"footnotes":"","_links_to":"","_links_to_target":""},"categories":[1],"tags":[],"class_list":["post-93591","post","type-post","status-publish","format-standard","has-post-thumbnail","hentry","category-geral"],"views":1244,"_links":{"self":[{"href":"https:\/\/www.sudoestehoje.com.br\/novoportal\/wp-json\/wp\/v2\/posts\/93591","targetHints":{"allow":["GET"]}}],"collection":[{"href":"https:\/\/www.sudoestehoje.com.br\/novoportal\/wp-json\/wp\/v2\/posts"}],"about":[{"href":"https:\/\/www.sudoestehoje.com.br\/novoportal\/wp-json\/wp\/v2\/types\/post"}],"author":[{"embeddable":true,"href":"https:\/\/www.sudoestehoje.com.br\/novoportal\/wp-json\/wp\/v2\/users\/2"}],"replies":[{"embeddable":true,"href":"https:\/\/www.sudoestehoje.com.br\/novoportal\/wp-json\/wp\/v2\/comments?post=93591"}],"version-history":[{"count":2,"href":"https:\/\/www.sudoestehoje.com.br\/novoportal\/wp-json\/wp\/v2\/posts\/93591\/revisions"}],"predecessor-version":[{"id":93595,"href":"https:\/\/www.sudoestehoje.com.br\/novoportal\/wp-json\/wp\/v2\/posts\/93591\/revisions\/93595"}],"wp:featuredmedia":[{"embeddable":true,"href":"https:\/\/www.sudoestehoje.com.br\/novoportal\/wp-json\/wp\/v2\/media\/93593"}],"wp:attachment":[{"href":"https:\/\/www.sudoestehoje.com.br\/novoportal\/wp-json\/wp\/v2\/media?parent=93591"}],"wp:term":[{"taxonomy":"category","embeddable":true,"href":"https:\/\/www.sudoestehoje.com.br\/novoportal\/wp-json\/wp\/v2\/categories?post=93591"},{"taxonomy":"post_tag","embeddable":true,"href":"https:\/\/www.sudoestehoje.com.br\/novoportal\/wp-json\/wp\/v2\/tags?post=93591"}],"curies":[{"name":"wp","href":"https:\/\/api.w.org\/{rel}","templated":true}]}}