
{"id":93580,"date":"2021-03-08T16:20:18","date_gmt":"2021-03-08T19:20:18","guid":{"rendered":"https:\/\/www.sudoestehoje.com.br\/novoportal\/?p=93580"},"modified":"2021-03-08T17:24:01","modified_gmt":"2021-03-08T20:24:01","slug":"fachin-anula-condenacoes-contra-lula-e-mantem-direitos-do-ex-presidente","status":"publish","type":"post","link":"https:\/\/www.sudoestehoje.com.br\/novoportal\/2021\/03\/08\/fachin-anula-condenacoes-contra-lula-e-mantem-direitos-do-ex-presidente\/","title":{"rendered":"FACHIN ANULA CONDENA\u00c7\u00d5ES CONTRA LULA E MANT\u00c9M DIREITOS POL\u00cdTICOS DO EX-PRESIDENTE"},"content":{"rendered":"<p><a href=\"https:\/\/www.sudoestehoje.com.br\/novoportal\/wp-content\/uploads\/2021\/03\/LULA-E-FACHIN.jpg\"><img loading=\"lazy\" decoding=\"async\" class=\"aligncenter size-medium wp-image-93582\" src=\"https:\/\/www.sudoestehoje.com.br\/novoportal\/wp-content\/uploads\/2021\/03\/LULA-E-FACHIN-500x262.jpg\" alt=\"\" width=\"500\" height=\"262\" srcset=\"https:\/\/www.sudoestehoje.com.br\/novoportal\/wp-content\/uploads\/2021\/03\/LULA-E-FACHIN-500x262.jpg 500w, https:\/\/www.sudoestehoje.com.br\/novoportal\/wp-content\/uploads\/2021\/03\/LULA-E-FACHIN.jpg 512w\" sizes=\"auto, (max-width: 500px) 100vw, 500px\" \/><\/a><\/p>\n<p><strong>O ministro Edson Fachin, do Supremo Tribunal Federal (STF), determinou a anula\u00e7\u00e3o de todas as decis\u00f5es tomadas pela 13\u00aa Vara Federal de Curitiba, que conduz a Lava-Jato, em quatro processos contra o ex-presidente Luiz In\u00e1cio Lula da Silva.<\/strong><\/p>\n<p><strong>Como consequ\u00eancia, ficam anuladas todas as condena\u00e7\u00f5es proferidas contra o petista, que retomar\u00e1 seus direitos pol\u00edticos. Fachin determinou que os processos sejam reiniciados, da estaca zero, na Justi\u00e7a Federal do Distrito Federal.<\/strong><\/p>\n<p><strong>Fachin n\u00e3o previu que a decis\u00e3o seja submetida ao plen\u00e1rio do STF, integrado pelos onze ministros, ou \u00e0 Segunda Turma, que tem cinco ministros e \u00e9 respons\u00e1vel pelos processos da Lava-Jato no tribunal. Isso pode acontecer se houver recurso do Minist\u00e9rio P\u00fablico Federal.<\/strong><\/p>\n<p><strong>A decis\u00e3o monocr\u00e1tica de Fachin causou espanto e desconfian\u00e7a no mundo pol\u00edtico e jur\u00eddico.<\/strong><\/p>\n","protected":false},"excerpt":{"rendered":"<p>O ministro Edson Fachin, do Supremo Tribunal Federal (STF), determinou a anula\u00e7\u00e3o de todas as decis\u00f5es tomadas pela 13\u00aa Vara Federal de Curitiba, que conduz a Lava-Jato, em quatro processos contra o ex-presidente Luiz In\u00e1cio Lula da Silva. Como consequ\u00eancia, ficam anuladas todas as condena\u00e7\u00f5es proferidas contra o petista, que retomar\u00e1 seus direitos pol\u00edticos. Fachin [&hellip;]<\/p>\n","protected":false},"author":2,"featured_media":93582,"comment_status":"open","ping_status":"open","sticky":false,"template":"","format":"standard","meta":{"footnotes":"","_links_to":"","_links_to_target":""},"categories":[1],"tags":[],"class_list":["post-93580","post","type-post","status-publish","format-standard","has-post-thumbnail","hentry","category-geral"],"views":1158,"_links":{"self":[{"href":"https:\/\/www.sudoestehoje.com.br\/novoportal\/wp-json\/wp\/v2\/posts\/93580","targetHints":{"allow":["GET"]}}],"collection":[{"href":"https:\/\/www.sudoestehoje.com.br\/novoportal\/wp-json\/wp\/v2\/posts"}],"about":[{"href":"https:\/\/www.sudoestehoje.com.br\/novoportal\/wp-json\/wp\/v2\/types\/post"}],"author":[{"embeddable":true,"href":"https:\/\/www.sudoestehoje.com.br\/novoportal\/wp-json\/wp\/v2\/users\/2"}],"replies":[{"embeddable":true,"href":"https:\/\/www.sudoestehoje.com.br\/novoportal\/wp-json\/wp\/v2\/comments?post=93580"}],"version-history":[{"count":5,"href":"https:\/\/www.sudoestehoje.com.br\/novoportal\/wp-json\/wp\/v2\/posts\/93580\/revisions"}],"predecessor-version":[{"id":93589,"href":"https:\/\/www.sudoestehoje.com.br\/novoportal\/wp-json\/wp\/v2\/posts\/93580\/revisions\/93589"}],"wp:featuredmedia":[{"embeddable":true,"href":"https:\/\/www.sudoestehoje.com.br\/novoportal\/wp-json\/wp\/v2\/media\/93582"}],"wp:attachment":[{"href":"https:\/\/www.sudoestehoje.com.br\/novoportal\/wp-json\/wp\/v2\/media?parent=93580"}],"wp:term":[{"taxonomy":"category","embeddable":true,"href":"https:\/\/www.sudoestehoje.com.br\/novoportal\/wp-json\/wp\/v2\/categories?post=93580"},{"taxonomy":"post_tag","embeddable":true,"href":"https:\/\/www.sudoestehoje.com.br\/novoportal\/wp-json\/wp\/v2\/tags?post=93580"}],"curies":[{"name":"wp","href":"https:\/\/api.w.org\/{rel}","templated":true}]}}