
{"id":93575,"date":"2021-03-07T23:41:40","date_gmt":"2021-03-08T02:41:40","guid":{"rendered":"https:\/\/www.sudoestehoje.com.br\/novoportal\/?p=93575"},"modified":"2021-03-07T23:42:53","modified_gmt":"2021-03-08T02:42:53","slug":"mais-de-360-pacientes-aguardam-vaga-em-uti-covid-19-na-bahia-aponta-sesab","status":"publish","type":"post","link":"https:\/\/www.sudoestehoje.com.br\/novoportal\/2021\/03\/07\/mais-de-360-pacientes-aguardam-vaga-em-uti-covid-19-na-bahia-aponta-sesab\/","title":{"rendered":"MAIS DE 360 PACIENTES AGUARDAM VAGA EM UTI COVID-19 NA BAHIA, APONTA SESAB"},"content":{"rendered":"<p><a href=\"https:\/\/www.sudoestehoje.com.br\/novoportal\/wp-content\/uploads\/2021\/03\/uti-lotada.jpeg\"><img loading=\"lazy\" decoding=\"async\" class=\"size-medium wp-image-93577\" src=\"https:\/\/www.sudoestehoje.com.br\/novoportal\/wp-content\/uploads\/2021\/03\/uti-lotada-500x333.jpeg\" alt=\"\" width=\"500\" height=\"333\" srcset=\"https:\/\/www.sudoestehoje.com.br\/novoportal\/wp-content\/uploads\/2021\/03\/uti-lotada-500x333.jpeg 500w, https:\/\/www.sudoestehoje.com.br\/novoportal\/wp-content\/uploads\/2021\/03\/uti-lotada-700x466.jpeg 700w, https:\/\/www.sudoestehoje.com.br\/novoportal\/wp-content\/uploads\/2021\/03\/uti-lotada-768x512.jpeg 768w, https:\/\/www.sudoestehoje.com.br\/novoportal\/wp-content\/uploads\/2021\/03\/uti-lotada.jpeg 800w\" sizes=\"auto, (max-width: 500px) 100vw, 500px\" \/><\/a><\/p>\n<p><strong>A Bahia registrava um total de 362 solicita\u00e7\u00f5es de interna\u00e7\u00e3o em Unidade de Terapia Intensiva (UTI) para v\u00edtimas da Covid-19 neste domingo (7). \u00c9 o maior n\u00famero de pacientes aguardando vaga de terapia intensiva no estado desde o registro do primeiro caso de infectado pelo novo coronav\u00edrus, em 26 de fevereiro, na Bahia.<\/strong><\/p>\n<p><strong>O total de mais de 360 pacientes \u00e0 espera de vaga foi o registrado \u00e0s 15h deste domingo, segundo a Secretaria da Sa\u00fade do Estado da Bahia (Sesab). Ainda havia mais 241 pedidos de interna\u00e7\u00e3o em leitos cl\u00ednicos (enfermaria) para adultos.<\/strong><\/p>\n<p><strong>COLAPSO \u00c9 REAL<\/strong><\/p>\n<p><strong>Ainda de acordo com a Sesab, 86% dos leitos de UTI Covid para adultos estavam ocupados \u00e0s 17h deste domingo. O n\u00famero de leitos vagos correspondia a menos da metade da demanda para adultos (160 vagas para 367 solicita\u00e7\u00f5es), o que revela o colapso do sistema.<\/strong><\/p>\n<p><strong>Na Bahia, nas \u00faltimas 24 horas, foram registrados 3.105 casos novos de Covid-19 e 3.996 recuperados. Dos 714.005 casos confirmados desde o in\u00edcio da pandemia, 680.532 j\u00e1 s\u00e3o considerados recuperados, 20.943 encontram-se ativos (em isolamento ou internados) e 12.530 tiveram \u00f3bito confirmado, 82 deles apenas neste domingo (7). \/\/Pimenta<\/strong><\/p>\n","protected":false},"excerpt":{"rendered":"<p>A Bahia registrava um total de 362 solicita\u00e7\u00f5es de interna\u00e7\u00e3o em Unidade de Terapia Intensiva (UTI) para v\u00edtimas da Covid-19 neste domingo (7). \u00c9 o maior n\u00famero de pacientes aguardando vaga de terapia intensiva no estado desde o registro do primeiro caso de infectado pelo novo coronav\u00edrus, em 26 de fevereiro, na Bahia. O total [&hellip;]<\/p>\n","protected":false},"author":2,"featured_media":93577,"comment_status":"open","ping_status":"open","sticky":false,"template":"","format":"standard","meta":{"footnotes":"","_links_to":"","_links_to_target":""},"categories":[1],"tags":[],"class_list":["post-93575","post","type-post","status-publish","format-standard","has-post-thumbnail","hentry","category-geral"],"views":816,"_links":{"self":[{"href":"https:\/\/www.sudoestehoje.com.br\/novoportal\/wp-json\/wp\/v2\/posts\/93575","targetHints":{"allow":["GET"]}}],"collection":[{"href":"https:\/\/www.sudoestehoje.com.br\/novoportal\/wp-json\/wp\/v2\/posts"}],"about":[{"href":"https:\/\/www.sudoestehoje.com.br\/novoportal\/wp-json\/wp\/v2\/types\/post"}],"author":[{"embeddable":true,"href":"https:\/\/www.sudoestehoje.com.br\/novoportal\/wp-json\/wp\/v2\/users\/2"}],"replies":[{"embeddable":true,"href":"https:\/\/www.sudoestehoje.com.br\/novoportal\/wp-json\/wp\/v2\/comments?post=93575"}],"version-history":[{"count":3,"href":"https:\/\/www.sudoestehoje.com.br\/novoportal\/wp-json\/wp\/v2\/posts\/93575\/revisions"}],"predecessor-version":[{"id":93579,"href":"https:\/\/www.sudoestehoje.com.br\/novoportal\/wp-json\/wp\/v2\/posts\/93575\/revisions\/93579"}],"wp:featuredmedia":[{"embeddable":true,"href":"https:\/\/www.sudoestehoje.com.br\/novoportal\/wp-json\/wp\/v2\/media\/93577"}],"wp:attachment":[{"href":"https:\/\/www.sudoestehoje.com.br\/novoportal\/wp-json\/wp\/v2\/media?parent=93575"}],"wp:term":[{"taxonomy":"category","embeddable":true,"href":"https:\/\/www.sudoestehoje.com.br\/novoportal\/wp-json\/wp\/v2\/categories?post=93575"},{"taxonomy":"post_tag","embeddable":true,"href":"https:\/\/www.sudoestehoje.com.br\/novoportal\/wp-json\/wp\/v2\/tags?post=93575"}],"curies":[{"name":"wp","href":"https:\/\/api.w.org\/{rel}","templated":true}]}}