
{"id":93566,"date":"2021-03-07T21:07:49","date_gmt":"2021-03-08T00:07:49","guid":{"rendered":"https:\/\/www.sudoestehoje.com.br\/novoportal\/?p=93566"},"modified":"2021-03-07T21:10:27","modified_gmt":"2021-03-08T00:10:27","slug":"ford-de-camacari-destroi-900-unidades-inacabadas-de-ka-e-ecosport","status":"publish","type":"post","link":"https:\/\/www.sudoestehoje.com.br\/novoportal\/2021\/03\/07\/ford-de-camacari-destroi-900-unidades-inacabadas-de-ka-e-ecosport\/","title":{"rendered":"FORD DE CAMA\u00c7ARI DESTR\u00d3I 900 UNIDADES INACABADAS DE KA E ECOSPORT"},"content":{"rendered":"<p><a href=\"https:\/\/www.sudoestehoje.com.br\/novoportal\/wp-content\/uploads\/2021\/03\/carros_destruidos_na_ford_de_camacari_fotos_uol_carros_2cc2feaf97.jpg\"><img loading=\"lazy\" decoding=\"async\" class=\"aligncenter size-medium wp-image-93567\" src=\"https:\/\/www.sudoestehoje.com.br\/novoportal\/wp-content\/uploads\/2021\/03\/carros_destruidos_na_ford_de_camacari_fotos_uol_carros_2cc2feaf97-500x249.jpg\" alt=\"\" width=\"500\" height=\"249\" srcset=\"https:\/\/www.sudoestehoje.com.br\/novoportal\/wp-content\/uploads\/2021\/03\/carros_destruidos_na_ford_de_camacari_fotos_uol_carros_2cc2feaf97-500x249.jpg 500w, https:\/\/www.sudoestehoje.com.br\/novoportal\/wp-content\/uploads\/2021\/03\/carros_destruidos_na_ford_de_camacari_fotos_uol_carros_2cc2feaf97-700x349.jpg 700w, https:\/\/www.sudoestehoje.com.br\/novoportal\/wp-content\/uploads\/2021\/03\/carros_destruidos_na_ford_de_camacari_fotos_uol_carros_2cc2feaf97-768x383.jpg 768w, https:\/\/www.sudoestehoje.com.br\/novoportal\/wp-content\/uploads\/2021\/03\/carros_destruidos_na_ford_de_camacari_fotos_uol_carros_2cc2feaf97.jpg 940w\" sizes=\"auto, (max-width: 500px) 100vw, 500px\" \/><\/a><\/p>\n<p class=\"bodytext\"><strong>A Ford j\u00e1 come\u00e7ou a se desfazer das unidades inacabadas de Ka, Ka Sedan e Ecosport na f\u00e1brica de Cama\u00e7ari, na Regi\u00e3o Metropolitana de Salvador. V\u00eddeos obtidos pelo portal UOL, gravados na \u00faltima quinta-feira (4), mostram modelos sendo destru\u00eddos at\u00e9 virarem sucata.<\/strong><\/p>\n<p class=\"bodytext\"><strong>Segundo a publica\u00e7\u00e3o, ao todo s\u00e3o cerca de 900 modelos que ficaram inacabados com o encerramento repentino das atividades na planta de Cama\u00e7ari. Outros equipamentos tamb\u00e9m est\u00e3o sendo desmontados e retirados da unidade.<\/strong><\/p>\n<p class=\"bodytext\"><strong>A assessoria da Ford confirmou que se trata de carrocerias que restaram na f\u00e1brica baiana e que as atividades fazem parte do processo de prepara\u00e7\u00e3o para o fechamento da planta.<\/strong><\/p>\n<p class=\"bodytext\"><strong>O an\u00fancio do fim da produ\u00e7\u00e3o de carros da Ford no Brasil ocorreu no dia 11 de janeiro. <em>\/\/Correio<\/em><\/strong><\/p>\n","protected":false},"excerpt":{"rendered":"<p>A Ford j\u00e1 come\u00e7ou a se desfazer das unidades inacabadas de Ka, Ka Sedan e Ecosport na f\u00e1brica de Cama\u00e7ari, na Regi\u00e3o Metropolitana de Salvador. V\u00eddeos obtidos pelo portal UOL, gravados na \u00faltima quinta-feira (4), mostram modelos sendo destru\u00eddos at\u00e9 virarem sucata. Segundo a publica\u00e7\u00e3o, ao todo s\u00e3o cerca de 900 modelos que ficaram inacabados [&hellip;]<\/p>\n","protected":false},"author":2,"featured_media":93567,"comment_status":"open","ping_status":"open","sticky":false,"template":"","format":"standard","meta":{"footnotes":"","_links_to":"","_links_to_target":""},"categories":[1],"tags":[],"class_list":["post-93566","post","type-post","status-publish","format-standard","has-post-thumbnail","hentry","category-geral"],"views":1127,"_links":{"self":[{"href":"https:\/\/www.sudoestehoje.com.br\/novoportal\/wp-json\/wp\/v2\/posts\/93566","targetHints":{"allow":["GET"]}}],"collection":[{"href":"https:\/\/www.sudoestehoje.com.br\/novoportal\/wp-json\/wp\/v2\/posts"}],"about":[{"href":"https:\/\/www.sudoestehoje.com.br\/novoportal\/wp-json\/wp\/v2\/types\/post"}],"author":[{"embeddable":true,"href":"https:\/\/www.sudoestehoje.com.br\/novoportal\/wp-json\/wp\/v2\/users\/2"}],"replies":[{"embeddable":true,"href":"https:\/\/www.sudoestehoje.com.br\/novoportal\/wp-json\/wp\/v2\/comments?post=93566"}],"version-history":[{"count":2,"href":"https:\/\/www.sudoestehoje.com.br\/novoportal\/wp-json\/wp\/v2\/posts\/93566\/revisions"}],"predecessor-version":[{"id":93569,"href":"https:\/\/www.sudoestehoje.com.br\/novoportal\/wp-json\/wp\/v2\/posts\/93566\/revisions\/93569"}],"wp:featuredmedia":[{"embeddable":true,"href":"https:\/\/www.sudoestehoje.com.br\/novoportal\/wp-json\/wp\/v2\/media\/93567"}],"wp:attachment":[{"href":"https:\/\/www.sudoestehoje.com.br\/novoportal\/wp-json\/wp\/v2\/media?parent=93566"}],"wp:term":[{"taxonomy":"category","embeddable":true,"href":"https:\/\/www.sudoestehoje.com.br\/novoportal\/wp-json\/wp\/v2\/categories?post=93566"},{"taxonomy":"post_tag","embeddable":true,"href":"https:\/\/www.sudoestehoje.com.br\/novoportal\/wp-json\/wp\/v2\/tags?post=93566"}],"curies":[{"name":"wp","href":"https:\/\/api.w.org\/{rel}","templated":true}]}}