
{"id":93550,"date":"2021-03-06T22:03:26","date_gmt":"2021-03-07T01:03:26","guid":{"rendered":"https:\/\/www.sudoestehoje.com.br\/novoportal\/?p=93550"},"modified":"2021-03-06T22:24:52","modified_gmt":"2021-03-07T01:24:52","slug":"conquista-internado-desde-o-ano-passado-herzem-volta-pra-a-uti","status":"publish","type":"post","link":"https:\/\/www.sudoestehoje.com.br\/novoportal\/2021\/03\/06\/conquista-internado-desde-o-ano-passado-herzem-volta-pra-a-uti\/","title":{"rendered":"CONQUISTA: INTERNADO DESDE O ANO PASSADO, HERZEM VOLTA PARA A UTI"},"content":{"rendered":"<p><a href=\"https:\/\/www.sudoestehoje.com.br\/novoportal\/wp-content\/uploads\/2021\/03\/HERZEM-UTI.jpg\"><img loading=\"lazy\" decoding=\"async\" class=\"aligncenter size-medium wp-image-93551\" src=\"https:\/\/www.sudoestehoje.com.br\/novoportal\/wp-content\/uploads\/2021\/03\/HERZEM-UTI-500x247.jpg\" alt=\"\" width=\"500\" height=\"247\" srcset=\"https:\/\/www.sudoestehoje.com.br\/novoportal\/wp-content\/uploads\/2021\/03\/HERZEM-UTI-500x247.jpg 500w, https:\/\/www.sudoestehoje.com.br\/novoportal\/wp-content\/uploads\/2021\/03\/HERZEM-UTI-700x346.jpg 700w, https:\/\/www.sudoestehoje.com.br\/novoportal\/wp-content\/uploads\/2021\/03\/HERZEM-UTI-768x379.jpg 768w, https:\/\/www.sudoestehoje.com.br\/novoportal\/wp-content\/uploads\/2021\/03\/HERZEM-UTI.jpg 810w\" sizes=\"auto, (max-width: 500px) 100vw, 500px\" \/><\/a><\/p>\n<p><strong>O prefeito de Vit\u00f3ria da Conquista, Herzem Gusm\u00e3o (MDB), precisou voltar \u00e0 unidade de terapia intensiva do Hospital S\u00edrio Liban\u00eas, em S\u00e3o Paulo. Ele se recupera da Covid-19.<\/strong><\/p>\n<p><strong>O emebista foi internado ainda no ano passado, no dia 26 de dezembro. De l\u00e1 para c\u00e1, teve altos e baixos e chegou a ir para a semi-intensiva, mas precisou voltar pois ainda precisa de oxig\u00eanio auxiliar.<\/strong><\/p>\n<p><strong>Reeleito em 2020, Herzem tomou posse em uma sess\u00e3o virtual no dia 8 de janeiro, mas n\u00e3o chegou a efetivamente exercer o mandato.<\/strong><\/p>\n","protected":false},"excerpt":{"rendered":"<p>O prefeito de Vit\u00f3ria da Conquista, Herzem Gusm\u00e3o (MDB), precisou voltar \u00e0 unidade de terapia intensiva do Hospital S\u00edrio Liban\u00eas, em S\u00e3o Paulo. Ele se recupera da Covid-19. O emebista foi internado ainda no ano passado, no dia 26 de dezembro. De l\u00e1 para c\u00e1, teve altos e baixos e chegou a ir para a [&hellip;]<\/p>\n","protected":false},"author":2,"featured_media":93551,"comment_status":"open","ping_status":"open","sticky":false,"template":"","format":"standard","meta":{"footnotes":"","_links_to":"","_links_to_target":""},"categories":[1],"tags":[],"class_list":["post-93550","post","type-post","status-publish","format-standard","has-post-thumbnail","hentry","category-geral"],"views":1098,"_links":{"self":[{"href":"https:\/\/www.sudoestehoje.com.br\/novoportal\/wp-json\/wp\/v2\/posts\/93550","targetHints":{"allow":["GET"]}}],"collection":[{"href":"https:\/\/www.sudoestehoje.com.br\/novoportal\/wp-json\/wp\/v2\/posts"}],"about":[{"href":"https:\/\/www.sudoestehoje.com.br\/novoportal\/wp-json\/wp\/v2\/types\/post"}],"author":[{"embeddable":true,"href":"https:\/\/www.sudoestehoje.com.br\/novoportal\/wp-json\/wp\/v2\/users\/2"}],"replies":[{"embeddable":true,"href":"https:\/\/www.sudoestehoje.com.br\/novoportal\/wp-json\/wp\/v2\/comments?post=93550"}],"version-history":[{"count":3,"href":"https:\/\/www.sudoestehoje.com.br\/novoportal\/wp-json\/wp\/v2\/posts\/93550\/revisions"}],"predecessor-version":[{"id":93554,"href":"https:\/\/www.sudoestehoje.com.br\/novoportal\/wp-json\/wp\/v2\/posts\/93550\/revisions\/93554"}],"wp:featuredmedia":[{"embeddable":true,"href":"https:\/\/www.sudoestehoje.com.br\/novoportal\/wp-json\/wp\/v2\/media\/93551"}],"wp:attachment":[{"href":"https:\/\/www.sudoestehoje.com.br\/novoportal\/wp-json\/wp\/v2\/media?parent=93550"}],"wp:term":[{"taxonomy":"category","embeddable":true,"href":"https:\/\/www.sudoestehoje.com.br\/novoportal\/wp-json\/wp\/v2\/categories?post=93550"},{"taxonomy":"post_tag","embeddable":true,"href":"https:\/\/www.sudoestehoje.com.br\/novoportal\/wp-json\/wp\/v2\/tags?post=93550"}],"curies":[{"name":"wp","href":"https:\/\/api.w.org\/{rel}","templated":true}]}}