
{"id":93538,"date":"2021-03-05T22:05:02","date_gmt":"2021-03-06T01:05:02","guid":{"rendered":"https:\/\/www.sudoestehoje.com.br\/novoportal\/?p=93538"},"modified":"2021-03-05T22:05:02","modified_gmt":"2021-03-06T01:05:02","slug":"covid-19-estoura-na-bahia-e-ocupacao-dos-leitos-de-uti-chega-a-87","status":"publish","type":"post","link":"https:\/\/www.sudoestehoje.com.br\/novoportal\/2021\/03\/05\/covid-19-estoura-na-bahia-e-ocupacao-dos-leitos-de-uti-chega-a-87\/","title":{"rendered":"COVID-19 ESTOURA NA BAHIA E OCUPA\u00c7\u00c3O DOS LEITOS DE UTI CHEGA A 87%"},"content":{"rendered":"<p><a href=\"https:\/\/www.sudoestehoje.com.br\/novoportal\/wp-content\/uploads\/2021\/03\/OCUPA\u00c7\u00c3O-UTI.jpg\"><img loading=\"lazy\" decoding=\"async\" class=\"aligncenter size-medium wp-image-93539\" src=\"https:\/\/www.sudoestehoje.com.br\/novoportal\/wp-content\/uploads\/2021\/03\/OCUPA\u00c7\u00c3O-UTI-500x333.jpg\" alt=\"\" width=\"500\" height=\"333\" srcset=\"https:\/\/www.sudoestehoje.com.br\/novoportal\/wp-content\/uploads\/2021\/03\/OCUPA\u00c7\u00c3O-UTI-500x333.jpg 500w, https:\/\/www.sudoestehoje.com.br\/novoportal\/wp-content\/uploads\/2021\/03\/OCUPA\u00c7\u00c3O-UTI.jpg 530w\" sizes=\"auto, (max-width: 500px) 100vw, 500px\" \/><\/a><\/p>\n<p style=\"font-weight: 400;\">A Bahia vive seu pior momento na pandemia do novo coronav\u00edrus. Nesta sexta-feira (5), o estado alcan\u00e7ou seu seu recorde de internados com casos graves da Covid-19, ocupando 1.013 das 1.181 UTIs no estado, sendo 991 nos leitos para adultos (87% de ocupa\u00e7\u00e3o) e 22 nos pedi\u00e1tricos (61%). \u00c9 a primeira vez que o n\u00famero, divulgado diariamente pela Secretaria Estadual da Sa\u00fade (Sesab), supera mil.<\/p>\n<p style=\"font-weight: 400;\">O volume de casos ativos da Covid-19 tamb\u00e9m aumentou, chegando a 22.233, o maior n\u00famero desde o dia 16 de julho de 2020. Os 10 munic\u00edpios baianos com mais contaminados neste momento, segundo a Sesab, s\u00e3o Salvador (5.672), Cama\u00e7ari (963), Itabuna (760), Feira de Santana (611), Vit\u00f3ria da Conquista (451), Jequi\u00e9 (443), Santo Ant\u00f4nio de Jesus (400), Lauro de Freitas (357), Ilh\u00e9us (348) e Guanambi (328).<\/p>\n<p style=\"font-weight: 400;\">O aumento dos casos ativos foi puxado pela quantidade de novas contamina\u00e7\u00f5es registradas nas \u00faltimas 24h, que chegou a 5.607 testes positivos na Bahia. O n\u00famero de \u00f3bitos di\u00e1rios tamb\u00e9m se manteve alto, alcan\u00e7ando 102 notifica\u00e7\u00f5es nesta sexta. Com isso, o estado acumula agora 706.375 casos confirmados e 12.353 mortes em decorr\u00eancia da Covid-19 desde o in\u00edcio da pandemia.<\/p>\n","protected":false},"excerpt":{"rendered":"<p>A Bahia vive seu pior momento na pandemia do novo coronav\u00edrus. Nesta sexta-feira (5), o estado alcan\u00e7ou seu seu recorde de internados com casos graves da Covid-19, ocupando 1.013 das 1.181 UTIs no estado, sendo 991 nos leitos para adultos (87% de ocupa\u00e7\u00e3o) e 22 nos pedi\u00e1tricos (61%). \u00c9 a primeira vez que o n\u00famero, [&hellip;]<\/p>\n","protected":false},"author":2,"featured_media":93539,"comment_status":"open","ping_status":"open","sticky":false,"template":"","format":"standard","meta":{"footnotes":"","_links_to":"","_links_to_target":""},"categories":[1],"tags":[],"class_list":["post-93538","post","type-post","status-publish","format-standard","has-post-thumbnail","hentry","category-geral"],"views":1010,"_links":{"self":[{"href":"https:\/\/www.sudoestehoje.com.br\/novoportal\/wp-json\/wp\/v2\/posts\/93538","targetHints":{"allow":["GET"]}}],"collection":[{"href":"https:\/\/www.sudoestehoje.com.br\/novoportal\/wp-json\/wp\/v2\/posts"}],"about":[{"href":"https:\/\/www.sudoestehoje.com.br\/novoportal\/wp-json\/wp\/v2\/types\/post"}],"author":[{"embeddable":true,"href":"https:\/\/www.sudoestehoje.com.br\/novoportal\/wp-json\/wp\/v2\/users\/2"}],"replies":[{"embeddable":true,"href":"https:\/\/www.sudoestehoje.com.br\/novoportal\/wp-json\/wp\/v2\/comments?post=93538"}],"version-history":[{"count":2,"href":"https:\/\/www.sudoestehoje.com.br\/novoportal\/wp-json\/wp\/v2\/posts\/93538\/revisions"}],"predecessor-version":[{"id":93541,"href":"https:\/\/www.sudoestehoje.com.br\/novoportal\/wp-json\/wp\/v2\/posts\/93538\/revisions\/93541"}],"wp:featuredmedia":[{"embeddable":true,"href":"https:\/\/www.sudoestehoje.com.br\/novoportal\/wp-json\/wp\/v2\/media\/93539"}],"wp:attachment":[{"href":"https:\/\/www.sudoestehoje.com.br\/novoportal\/wp-json\/wp\/v2\/media?parent=93538"}],"wp:term":[{"taxonomy":"category","embeddable":true,"href":"https:\/\/www.sudoestehoje.com.br\/novoportal\/wp-json\/wp\/v2\/categories?post=93538"},{"taxonomy":"post_tag","embeddable":true,"href":"https:\/\/www.sudoestehoje.com.br\/novoportal\/wp-json\/wp\/v2\/tags?post=93538"}],"curies":[{"name":"wp","href":"https:\/\/api.w.org\/{rel}","templated":true}]}}