
{"id":93534,"date":"2021-03-05T21:27:33","date_gmt":"2021-03-06T00:27:33","guid":{"rendered":"https:\/\/www.sudoestehoje.com.br\/novoportal\/?p=93534"},"modified":"2021-03-05T21:27:33","modified_gmt":"2021-03-06T00:27:33","slug":"decreto-de-rui-mantem-academias-fechadas","status":"publish","type":"post","link":"https:\/\/www.sudoestehoje.com.br\/novoportal\/2021\/03\/05\/decreto-de-rui-mantem-academias-fechadas\/","title":{"rendered":"DECRETO DE RUI MANT\u00c9M ACADEMIAS FECHADAS"},"content":{"rendered":"<p><a href=\"https:\/\/www.sudoestehoje.com.br\/novoportal\/wp-content\/uploads\/2021\/03\/academias-de-gin\u00e1stica-660x330-1.jpg\"><img loading=\"lazy\" decoding=\"async\" class=\"aligncenter size-medium wp-image-93535\" src=\"https:\/\/www.sudoestehoje.com.br\/novoportal\/wp-content\/uploads\/2021\/03\/academias-de-gin\u00e1stica-660x330-1-500x250.jpg\" alt=\"\" width=\"500\" height=\"250\" srcset=\"https:\/\/www.sudoestehoje.com.br\/novoportal\/wp-content\/uploads\/2021\/03\/academias-de-gin\u00e1stica-660x330-1-500x250.jpg 500w, https:\/\/www.sudoestehoje.com.br\/novoportal\/wp-content\/uploads\/2021\/03\/academias-de-gin\u00e1stica-660x330-1.jpg 660w\" sizes=\"auto, (max-width: 500px) 100vw, 500px\" \/><\/a><\/p>\n<p class=\"bodytext\"><strong>Quem estava se planejando para voltar a malhar nesta segunda-feira (8), quando acabaria o decreto que mant\u00e9m as academias fechadas, ter\u00e1 de refazer os planos. O Governo da Bahia prorrogou o decreto que mant\u00e9m o fechamento destes empreendimentos por mais cinco dias.<\/strong><\/p>\n<p class=\"bodytext\"><strong>Com a nova decis\u00e3o, as academias s\u00f3 poder\u00e3o reabrir no dia 13 de mar\u00e7o. A medida \u00e9 v\u00e1lida para todos os munic\u00edpios da Bahia. <\/strong><\/p>\n<p class=\"bodytext\"><strong>Quando forem reabertas, as unidades s\u00f3 poder\u00e3o oferecer atividades individuais, como muscula\u00e7\u00e3o, esteira, bicicleta e afins.\u00a0Atividades coltivas como aula de dan\u00e7a, boxe e spinning seguem proibidas por decreto at\u00e9 o dia 1\u00ba de abril.<\/strong><\/p>\n<p><strong>As medidas visam conter o avan\u00e7o da dissemina\u00e7\u00e3o do coronav\u00edrus na Bahia.<\/strong><\/p>\n","protected":false},"excerpt":{"rendered":"<p>Quem estava se planejando para voltar a malhar nesta segunda-feira (8), quando acabaria o decreto que mant\u00e9m as academias fechadas, ter\u00e1 de refazer os planos. O Governo da Bahia prorrogou o decreto que mant\u00e9m o fechamento destes empreendimentos por mais cinco dias. Com a nova decis\u00e3o, as academias s\u00f3 poder\u00e3o reabrir no dia 13 de [&hellip;]<\/p>\n","protected":false},"author":2,"featured_media":93535,"comment_status":"open","ping_status":"open","sticky":false,"template":"","format":"standard","meta":{"footnotes":"","_links_to":"","_links_to_target":""},"categories":[1],"tags":[],"class_list":["post-93534","post","type-post","status-publish","format-standard","has-post-thumbnail","hentry","category-geral"],"views":1183,"_links":{"self":[{"href":"https:\/\/www.sudoestehoje.com.br\/novoportal\/wp-json\/wp\/v2\/posts\/93534","targetHints":{"allow":["GET"]}}],"collection":[{"href":"https:\/\/www.sudoestehoje.com.br\/novoportal\/wp-json\/wp\/v2\/posts"}],"about":[{"href":"https:\/\/www.sudoestehoje.com.br\/novoportal\/wp-json\/wp\/v2\/types\/post"}],"author":[{"embeddable":true,"href":"https:\/\/www.sudoestehoje.com.br\/novoportal\/wp-json\/wp\/v2\/users\/2"}],"replies":[{"embeddable":true,"href":"https:\/\/www.sudoestehoje.com.br\/novoportal\/wp-json\/wp\/v2\/comments?post=93534"}],"version-history":[{"count":2,"href":"https:\/\/www.sudoestehoje.com.br\/novoportal\/wp-json\/wp\/v2\/posts\/93534\/revisions"}],"predecessor-version":[{"id":93537,"href":"https:\/\/www.sudoestehoje.com.br\/novoportal\/wp-json\/wp\/v2\/posts\/93534\/revisions\/93537"}],"wp:featuredmedia":[{"embeddable":true,"href":"https:\/\/www.sudoestehoje.com.br\/novoportal\/wp-json\/wp\/v2\/media\/93535"}],"wp:attachment":[{"href":"https:\/\/www.sudoestehoje.com.br\/novoportal\/wp-json\/wp\/v2\/media?parent=93534"}],"wp:term":[{"taxonomy":"category","embeddable":true,"href":"https:\/\/www.sudoestehoje.com.br\/novoportal\/wp-json\/wp\/v2\/categories?post=93534"},{"taxonomy":"post_tag","embeddable":true,"href":"https:\/\/www.sudoestehoje.com.br\/novoportal\/wp-json\/wp\/v2\/tags?post=93534"}],"curies":[{"name":"wp","href":"https:\/\/api.w.org\/{rel}","templated":true}]}}