
{"id":93526,"date":"2021-03-04T23:14:06","date_gmt":"2021-03-05T02:14:06","guid":{"rendered":"https:\/\/www.sudoestehoje.com.br\/novoportal\/?p=93526"},"modified":"2021-03-04T23:14:06","modified_gmt":"2021-03-05T02:14:06","slug":"itapetinga-tera-exposicao-em-2021-e-a-festa-de-sao-joao-hora-de-decidir","status":"publish","type":"post","link":"https:\/\/www.sudoestehoje.com.br\/novoportal\/2021\/03\/04\/itapetinga-tera-exposicao-em-2021-e-a-festa-de-sao-joao-hora-de-decidir\/","title":{"rendered":"ITAPETINGA TER\u00c1 EXPOSI\u00c7\u00c3O EM 2021? E A FESTA DE S\u00c3O JO\u00c3O? HORA DE DECIDIR"},"content":{"rendered":"<p><a href=\"https:\/\/www.sudoestehoje.com.br\/novoportal\/wp-content\/uploads\/2021\/03\/EXPOSI\u00c7\u00c3O-2019.jpg\"><img loading=\"lazy\" decoding=\"async\" class=\"aligncenter size-medium wp-image-93529\" src=\"https:\/\/www.sudoestehoje.com.br\/novoportal\/wp-content\/uploads\/2021\/03\/EXPOSI\u00c7\u00c3O-2019-500x281.jpg\" alt=\"\" width=\"500\" height=\"281\" srcset=\"https:\/\/www.sudoestehoje.com.br\/novoportal\/wp-content\/uploads\/2021\/03\/EXPOSI\u00c7\u00c3O-2019-500x281.jpg 500w, https:\/\/www.sudoestehoje.com.br\/novoportal\/wp-content\/uploads\/2021\/03\/EXPOSI\u00c7\u00c3O-2019-700x394.jpg 700w, https:\/\/www.sudoestehoje.com.br\/novoportal\/wp-content\/uploads\/2021\/03\/EXPOSI\u00c7\u00c3O-2019-768x432.jpg 768w, https:\/\/www.sudoestehoje.com.br\/novoportal\/wp-content\/uploads\/2021\/03\/EXPOSI\u00c7\u00c3O-2019.jpg 960w\" sizes=\"auto, (max-width: 500px) 100vw, 500px\" \/><\/a><\/p>\n<p><strong>Com o agravamento da pandemia, a popula\u00e7\u00e3o de Itapetinga come\u00e7a a questionar sobre a realiza\u00e7\u00e3o dos dois principais eventos do munic\u00edpio, a Exposi\u00e7\u00e3o Agropecu\u00e1ria e a grandiosa Festa de S\u00e3o Jo\u00e3o.<\/strong><\/p>\n<p><strong>No ano passado, quando os casos de Covid-19 ainda eram poucos, os respons\u00e1veis por esses eventos decidiram pelo cancelamento, seguindo orienta\u00e7\u00e3o das autoridades sanit\u00e1rias.<\/strong><\/p>\n<p><strong> Foram decis\u00f5es consideradas acertadas, naquele momento de medo e incertezas, apesar da frustra\u00e7\u00e3o dos promotores de eventos e toda uma gama de pessoas envolvidas e dependentes<\/strong><strong> dessas festas.<\/strong><\/p>\n<p><a href=\"https:\/\/www.sudoestehoje.com.br\/novoportal\/wp-content\/uploads\/2021\/03\/sao_joao_de_itapetinga-1446735197-674-e-500x400-crop.jpg\"><img loading=\"lazy\" decoding=\"async\" class=\"aligncenter size-full wp-image-93532\" src=\"https:\/\/www.sudoestehoje.com.br\/novoportal\/wp-content\/uploads\/2021\/03\/sao_joao_de_itapetinga-1446735197-674-e-500x400-crop.jpg\" alt=\"\" width=\"492\" height=\"290\" \/><\/a><\/p>\n<p><strong>Mas, e agora? As atuais condi\u00e7\u00f5es permitem festas e eventos com aglomera\u00e7\u00f5es?<\/strong><\/p>\n<p><strong>A Exposi\u00e7\u00e3o Agropecu\u00e1ria \u00e9 um evento realizado anualmente pelo Sindicato Rural de Itapetinga, no m\u00eas de maio, enquanto que a Festa de S\u00e3o Jo\u00e3o \u00e9 realizada em junho, pela prefeitura.<\/strong><\/p>\n<p><strong>\u00c9 hora de decis\u00e3o&#8230;<\/strong><\/p>\n<p><strong><em>Por Davi Ferraz\u00a0<\/em><\/strong><\/p>\n","protected":false},"excerpt":{"rendered":"<p>Com o agravamento da pandemia, a popula\u00e7\u00e3o de Itapetinga come\u00e7a a questionar sobre a realiza\u00e7\u00e3o dos dois principais eventos do munic\u00edpio, a Exposi\u00e7\u00e3o Agropecu\u00e1ria e a grandiosa Festa de S\u00e3o Jo\u00e3o. No ano passado, quando os casos de Covid-19 ainda eram poucos, os respons\u00e1veis por esses eventos decidiram pelo cancelamento, seguindo orienta\u00e7\u00e3o das autoridades sanit\u00e1rias. [&hellip;]<\/p>\n","protected":false},"author":2,"featured_media":93529,"comment_status":"open","ping_status":"open","sticky":false,"template":"","format":"standard","meta":{"footnotes":"","_links_to":"","_links_to_target":""},"categories":[1],"tags":[],"class_list":["post-93526","post","type-post","status-publish","format-standard","has-post-thumbnail","hentry","category-geral"],"views":2414,"_links":{"self":[{"href":"https:\/\/www.sudoestehoje.com.br\/novoportal\/wp-json\/wp\/v2\/posts\/93526","targetHints":{"allow":["GET"]}}],"collection":[{"href":"https:\/\/www.sudoestehoje.com.br\/novoportal\/wp-json\/wp\/v2\/posts"}],"about":[{"href":"https:\/\/www.sudoestehoje.com.br\/novoportal\/wp-json\/wp\/v2\/types\/post"}],"author":[{"embeddable":true,"href":"https:\/\/www.sudoestehoje.com.br\/novoportal\/wp-json\/wp\/v2\/users\/2"}],"replies":[{"embeddable":true,"href":"https:\/\/www.sudoestehoje.com.br\/novoportal\/wp-json\/wp\/v2\/comments?post=93526"}],"version-history":[{"count":4,"href":"https:\/\/www.sudoestehoje.com.br\/novoportal\/wp-json\/wp\/v2\/posts\/93526\/revisions"}],"predecessor-version":[{"id":93533,"href":"https:\/\/www.sudoestehoje.com.br\/novoportal\/wp-json\/wp\/v2\/posts\/93526\/revisions\/93533"}],"wp:featuredmedia":[{"embeddable":true,"href":"https:\/\/www.sudoestehoje.com.br\/novoportal\/wp-json\/wp\/v2\/media\/93529"}],"wp:attachment":[{"href":"https:\/\/www.sudoestehoje.com.br\/novoportal\/wp-json\/wp\/v2\/media?parent=93526"}],"wp:term":[{"taxonomy":"category","embeddable":true,"href":"https:\/\/www.sudoestehoje.com.br\/novoportal\/wp-json\/wp\/v2\/categories?post=93526"},{"taxonomy":"post_tag","embeddable":true,"href":"https:\/\/www.sudoestehoje.com.br\/novoportal\/wp-json\/wp\/v2\/tags?post=93526"}],"curies":[{"name":"wp","href":"https:\/\/api.w.org\/{rel}","templated":true}]}}