
{"id":93522,"date":"2021-03-04T20:49:08","date_gmt":"2021-03-04T23:49:08","guid":{"rendered":"https:\/\/www.sudoestehoje.com.br\/novoportal\/?p=93522"},"modified":"2021-03-04T20:49:08","modified_gmt":"2021-03-04T23:49:08","slug":"bahia-registra-quase-6-mil-casos-da-covid-19-e-111-mortes-em-24-horas","status":"publish","type":"post","link":"https:\/\/www.sudoestehoje.com.br\/novoportal\/2021\/03\/04\/bahia-registra-quase-6-mil-casos-da-covid-19-e-111-mortes-em-24-horas\/","title":{"rendered":"BAHIA REGISTRA QUASE 6 MIL CASOS DA COVID-19 E 111 MORTES EM 24 HORAS"},"content":{"rendered":"<p><a href=\"https:\/\/www.sudoestehoje.com.br\/novoportal\/wp-content\/uploads\/2021\/03\/mortes-coronavirus-ny.jpg\"><img loading=\"lazy\" decoding=\"async\" class=\"aligncenter size-full wp-image-93523\" src=\"https:\/\/www.sudoestehoje.com.br\/novoportal\/wp-content\/uploads\/2021\/03\/mortes-coronavirus-ny.jpg\" alt=\"\" width=\"500\" height=\"300\" \/><\/a><\/p>\n<p>Nas \u00faltimas 24 horas, foram registrados 5.985 casos de Covid-19 (taxa de crescimento de +0,9%), totalizando 21 mil casos ativos, e 4.507 recuperados (+0,7%). Dos 700.768 casos<span id=\"more-541885\"><\/span>\u00a0confirmados desde o in\u00edcio da pandemia, 667.031 j\u00e1 s\u00e3o considerados recuperados, 21.486 encontram-se ativos e 12.251 tiveram \u00f3bito confirmado.<\/p>\n<p>Hoje tamb\u00e9m foram registradas 111 mortes e o n\u00famero total de \u00f3bitos por Covid-19 na Bahia desde o in\u00edcio da pandemia \u00e9 de 12.251, representando uma letalidade de 1,75%. Dentre os \u00f3bitos, 56,35% ocorreram no sexo masculino e 43,65% no sexo feminino.<\/p>\n<p>Vacina\u00e7\u00e3o<br \/>\nCom 500.471 vacinados contra o coronav\u00edrus (Covid-19), dos quais 141.951 receberam tamb\u00e9m a segunda dose, at\u00e9 as 15 horas desta quinta-feira, a Bahia \u00e9 um dos estados do Pa\u00eds com o maior n\u00famero de imunizados.<\/p>\n","protected":false},"excerpt":{"rendered":"<p>Nas \u00faltimas 24 horas, foram registrados 5.985 casos de Covid-19 (taxa de crescimento de +0,9%), totalizando 21 mil casos ativos, e 4.507 recuperados (+0,7%). Dos 700.768 casos\u00a0confirmados desde o in\u00edcio da pandemia, 667.031 j\u00e1 s\u00e3o considerados recuperados, 21.486 encontram-se ativos e 12.251 tiveram \u00f3bito confirmado. Hoje tamb\u00e9m foram registradas 111 mortes e o n\u00famero total [&hellip;]<\/p>\n","protected":false},"author":2,"featured_media":93523,"comment_status":"open","ping_status":"open","sticky":false,"template":"","format":"standard","meta":{"footnotes":"","_links_to":"","_links_to_target":""},"categories":[1],"tags":[],"class_list":["post-93522","post","type-post","status-publish","format-standard","has-post-thumbnail","hentry","category-geral"],"views":916,"_links":{"self":[{"href":"https:\/\/www.sudoestehoje.com.br\/novoportal\/wp-json\/wp\/v2\/posts\/93522","targetHints":{"allow":["GET"]}}],"collection":[{"href":"https:\/\/www.sudoestehoje.com.br\/novoportal\/wp-json\/wp\/v2\/posts"}],"about":[{"href":"https:\/\/www.sudoestehoje.com.br\/novoportal\/wp-json\/wp\/v2\/types\/post"}],"author":[{"embeddable":true,"href":"https:\/\/www.sudoestehoje.com.br\/novoportal\/wp-json\/wp\/v2\/users\/2"}],"replies":[{"embeddable":true,"href":"https:\/\/www.sudoestehoje.com.br\/novoportal\/wp-json\/wp\/v2\/comments?post=93522"}],"version-history":[{"count":2,"href":"https:\/\/www.sudoestehoje.com.br\/novoportal\/wp-json\/wp\/v2\/posts\/93522\/revisions"}],"predecessor-version":[{"id":93525,"href":"https:\/\/www.sudoestehoje.com.br\/novoportal\/wp-json\/wp\/v2\/posts\/93522\/revisions\/93525"}],"wp:featuredmedia":[{"embeddable":true,"href":"https:\/\/www.sudoestehoje.com.br\/novoportal\/wp-json\/wp\/v2\/media\/93523"}],"wp:attachment":[{"href":"https:\/\/www.sudoestehoje.com.br\/novoportal\/wp-json\/wp\/v2\/media?parent=93522"}],"wp:term":[{"taxonomy":"category","embeddable":true,"href":"https:\/\/www.sudoestehoje.com.br\/novoportal\/wp-json\/wp\/v2\/categories?post=93522"},{"taxonomy":"post_tag","embeddable":true,"href":"https:\/\/www.sudoestehoje.com.br\/novoportal\/wp-json\/wp\/v2\/tags?post=93522"}],"curies":[{"name":"wp","href":"https:\/\/api.w.org\/{rel}","templated":true}]}}