
{"id":93519,"date":"2021-03-04T19:32:24","date_gmt":"2021-03-04T22:32:24","guid":{"rendered":"https:\/\/www.sudoestehoje.com.br\/novoportal\/?p=93519"},"modified":"2021-03-04T19:32:24","modified_gmt":"2021-03-04T22:32:24","slug":"itapetinga-tera-a-primeira-unidade-escolar-militar-conveniada","status":"publish","type":"post","link":"https:\/\/www.sudoestehoje.com.br\/novoportal\/2021\/03\/04\/itapetinga-tera-a-primeira-unidade-escolar-militar-conveniada\/","title":{"rendered":"ITAPETINGA TER\u00c1 A PRIMEIRA UNIDADE ESCOLAR MILITAR CONVENIADA"},"content":{"rendered":"<p><a href=\"https:\/\/www.sudoestehoje.com.br\/novoportal\/wp-content\/uploads\/2021\/03\/ESCOLA-MILITAR.jpeg\"><img loading=\"lazy\" decoding=\"async\" class=\"aligncenter size-medium wp-image-93520\" src=\"https:\/\/www.sudoestehoje.com.br\/novoportal\/wp-content\/uploads\/2021\/03\/ESCOLA-MILITAR-500x247.jpeg\" alt=\"\" width=\"500\" height=\"247\" srcset=\"https:\/\/www.sudoestehoje.com.br\/novoportal\/wp-content\/uploads\/2021\/03\/ESCOLA-MILITAR-500x247.jpeg 500w, https:\/\/www.sudoestehoje.com.br\/novoportal\/wp-content\/uploads\/2021\/03\/ESCOLA-MILITAR-700x346.jpeg 700w, https:\/\/www.sudoestehoje.com.br\/novoportal\/wp-content\/uploads\/2021\/03\/ESCOLA-MILITAR-768x380.jpeg 768w, https:\/\/www.sudoestehoje.com.br\/novoportal\/wp-content\/uploads\/2021\/03\/ESCOLA-MILITAR.jpeg 1162w\" sizes=\"auto, (max-width: 500px) 100vw, 500px\" \/><\/a><\/p>\n<p>No final do m\u00eas de fevereiro o Prefeito Rodrigo Hagge esteve reunido com o Comandante da 8\u00aa CIPM, Major Vandilson Ara\u00fajo para tratar do projeto de instala\u00e7\u00e3o da primeira escola militar conveniada de Itapetinga, quando foram tra\u00e7adas as metas e objetivos gerais para consolida\u00e7\u00e3o deste que \u00e9 um grande anseio da nossa comunidade.<\/p>\n<p>Na manh\u00e3 de hoje ocorreu a primeira reuni\u00e3o de trabalho do projeto, contando com as presen\u00e7as do Secret\u00e1rio de Educa\u00e7\u00e3o Geraldo Trindade, do Comandante da 8\u00aa CIPM Major Vandilson Ara\u00fajo, da gestora e professores da Escola Municipal Ot\u00e1vio Cam\u00f5es, escolhida para inaugurar o modelo de gest\u00e3o compartilhada na Rede Municipal.<\/p>\n<p>Segundo Geraldo Trindade n\u00e3o ocorrer\u00e3o mudan\u00e7as nos aspectos pedag\u00f3gicos da escola, \u00e0 exce\u00e7\u00e3o da implanta\u00e7\u00e3o da instru\u00e7\u00e3o militar, hierarquia e disciplina com seus sistemas avaliativos e ritos procedimentais pr\u00f3prios. A gest\u00e3o atual da escola permanecer\u00e1 inalterada com exce\u00e7\u00e3o da inser\u00e7\u00e3o do Diretor Disciplinar e dos Tutores de Disciplina, com suas atribui\u00e7\u00f5es iniciais descritas no corpo do projeto e postas em pr\u00e1tica ap\u00f3s a assinatura do Termo de Acordo de Coopera\u00e7\u00e3o T\u00e9cnica entre o Munic\u00edpio e o Governo do Estado, atrav\u00e9s da PMBA. O processo de esclarecimento, sensibiliza\u00e7\u00e3o de alunos, seus familiares e os profissionais da educa\u00e7\u00e3o ser\u00e3o amplamente realizados e discutidos pela equipe da Secretaria Municipal de Educa\u00e7\u00e3o.<\/p>\n<p>Para o Major Vandilson o modelo muito aguardado pela comunidade de Itapetinga j\u00e1 se consolidou vitorioso em v\u00e1rios munic\u00edpios da Bahia pela melhoria da qualidade do ensino e da valoriza\u00e7\u00e3o do profissional de educa\u00e7\u00e3o que passa a dispor de melhores condi\u00e7\u00f5es para demonstrar todo o seu potencial em um ambiente equipado, disciplinado, ordeiro e de s\u00e3 camaradagem.<\/p>\n<p>A partir de agora os encaminhamentos ser\u00e3o acelerados, a estrutura da escola ser\u00e1 requalificada e readequada para atender \u00e0s novas demandas e, em breve, Itapetinga ganhar\u00e1 mais esse presente na \u00e1rea educacional.<\/p>\n","protected":false},"excerpt":{"rendered":"<p>No final do m\u00eas de fevereiro o Prefeito Rodrigo Hagge esteve reunido com o Comandante da 8\u00aa CIPM, Major Vandilson Ara\u00fajo para tratar do projeto de instala\u00e7\u00e3o da primeira escola militar conveniada de Itapetinga, quando foram tra\u00e7adas as metas e objetivos gerais para consolida\u00e7\u00e3o deste que \u00e9 um grande anseio da nossa comunidade. Na manh\u00e3 [&hellip;]<\/p>\n","protected":false},"author":2,"featured_media":93520,"comment_status":"open","ping_status":"open","sticky":false,"template":"","format":"standard","meta":{"footnotes":"","_links_to":"","_links_to_target":""},"categories":[1],"tags":[],"class_list":["post-93519","post","type-post","status-publish","format-standard","has-post-thumbnail","hentry","category-geral"],"views":2955,"_links":{"self":[{"href":"https:\/\/www.sudoestehoje.com.br\/novoportal\/wp-json\/wp\/v2\/posts\/93519","targetHints":{"allow":["GET"]}}],"collection":[{"href":"https:\/\/www.sudoestehoje.com.br\/novoportal\/wp-json\/wp\/v2\/posts"}],"about":[{"href":"https:\/\/www.sudoestehoje.com.br\/novoportal\/wp-json\/wp\/v2\/types\/post"}],"author":[{"embeddable":true,"href":"https:\/\/www.sudoestehoje.com.br\/novoportal\/wp-json\/wp\/v2\/users\/2"}],"replies":[{"embeddable":true,"href":"https:\/\/www.sudoestehoje.com.br\/novoportal\/wp-json\/wp\/v2\/comments?post=93519"}],"version-history":[{"count":1,"href":"https:\/\/www.sudoestehoje.com.br\/novoportal\/wp-json\/wp\/v2\/posts\/93519\/revisions"}],"predecessor-version":[{"id":93521,"href":"https:\/\/www.sudoestehoje.com.br\/novoportal\/wp-json\/wp\/v2\/posts\/93519\/revisions\/93521"}],"wp:featuredmedia":[{"embeddable":true,"href":"https:\/\/www.sudoestehoje.com.br\/novoportal\/wp-json\/wp\/v2\/media\/93520"}],"wp:attachment":[{"href":"https:\/\/www.sudoestehoje.com.br\/novoportal\/wp-json\/wp\/v2\/media?parent=93519"}],"wp:term":[{"taxonomy":"category","embeddable":true,"href":"https:\/\/www.sudoestehoje.com.br\/novoportal\/wp-json\/wp\/v2\/categories?post=93519"},{"taxonomy":"post_tag","embeddable":true,"href":"https:\/\/www.sudoestehoje.com.br\/novoportal\/wp-json\/wp\/v2\/tags?post=93519"}],"curies":[{"name":"wp","href":"https:\/\/api.w.org\/{rel}","templated":true}]}}