
{"id":93515,"date":"2021-03-04T09:39:01","date_gmt":"2021-03-04T12:39:01","guid":{"rendered":"https:\/\/www.sudoestehoje.com.br\/novoportal\/?p=93515"},"modified":"2021-03-04T09:39:01","modified_gmt":"2021-03-04T12:39:01","slug":"itapetinga-recebe-mais-um-lote-de-830-doses-da-vacina-coronavac-idosos-sao-prioridade","status":"publish","type":"post","link":"https:\/\/www.sudoestehoje.com.br\/novoportal\/2021\/03\/04\/itapetinga-recebe-mais-um-lote-de-830-doses-da-vacina-coronavac-idosos-sao-prioridade\/","title":{"rendered":"ITAPETINGA RECEBE MAIS UM LOTE DE 830 DOSES DA VACINA CORONAVAC; IDOSOS S\u00c3O PRIORIDADE"},"content":{"rendered":"<p><a href=\"https:\/\/www.sudoestehoje.com.br\/novoportal\/wp-content\/uploads\/2021\/03\/DOSES.jpeg\"><img loading=\"lazy\" decoding=\"async\" class=\"aligncenter size-medium wp-image-93516\" src=\"https:\/\/www.sudoestehoje.com.br\/novoportal\/wp-content\/uploads\/2021\/03\/DOSES-500x333.jpeg\" alt=\"\" width=\"500\" height=\"333\" srcset=\"https:\/\/www.sudoestehoje.com.br\/novoportal\/wp-content\/uploads\/2021\/03\/DOSES-500x333.jpeg 500w, https:\/\/www.sudoestehoje.com.br\/novoportal\/wp-content\/uploads\/2021\/03\/DOSES-700x467.jpeg 700w, https:\/\/www.sudoestehoje.com.br\/novoportal\/wp-content\/uploads\/2021\/03\/DOSES-768x512.jpeg 768w, https:\/\/www.sudoestehoje.com.br\/novoportal\/wp-content\/uploads\/2021\/03\/DOSES.jpeg 990w\" sizes=\"auto, (max-width: 500px) 100vw, 500px\" \/><\/a><\/p>\n<p><strong>Na tarde desta quarta-feira, chegou na Base Regional de Sa\u00fade mais 830 vacinas da Coronavac para Itapetinga. Segundo o planejamento da secretaria municipal, 430 delas ser\u00e3o destinadas \u00e0 segunda dose e outras 400 \u00e0 continua\u00e7\u00e3o primeira imuniza\u00e7\u00e3o dos idosos de 80 anos.<\/strong><\/p>\n<p><strong>De acordo com a Secretaria Municipal de Sa\u00fade, 2840 itapetinguenses foram vacinados contra a Covid-19. Desses, 1150 j\u00e1 receberam a segunda dose da imuniza\u00e7\u00e3o.<\/strong><\/p>\n<p><strong>\u201cN\u00f3s estamos com um bom fluxo de vacina\u00e7\u00e3o no munic\u00edpio, mas dependemos das remessas de vacinas enviadas pelo Governo Federal para dar mais agilidade ao processo. Acreditamos que, ap\u00f3s receber mais um lote de vacinas, al\u00e9m do que j\u00e1 se encontra na Base Regional, conseguiremos finalizar o grupo acima de 80 anos e partir para uma nova faixa et\u00e1ria. Estamos apenas no in\u00edcio da caminhada. Cada etapa finalizada \u00e9 uma vit\u00f3ria para n\u00f3s. \u00c9 um passo a mais para vencermos o v\u00edrus\u201d, disse o secret\u00e1rio de sa\u00fade, Hugo Sousa.<\/strong><\/p>\n","protected":false},"excerpt":{"rendered":"<p>Na tarde desta quarta-feira, chegou na Base Regional de Sa\u00fade mais 830 vacinas da Coronavac para Itapetinga. Segundo o planejamento da secretaria municipal, 430 delas ser\u00e3o destinadas \u00e0 segunda dose e outras 400 \u00e0 continua\u00e7\u00e3o primeira imuniza\u00e7\u00e3o dos idosos de 80 anos. De acordo com a Secretaria Municipal de Sa\u00fade, 2840 itapetinguenses foram vacinados contra [&hellip;]<\/p>\n","protected":false},"author":2,"featured_media":93516,"comment_status":"open","ping_status":"open","sticky":false,"template":"","format":"standard","meta":{"footnotes":"","_links_to":"","_links_to_target":""},"categories":[1],"tags":[],"class_list":["post-93515","post","type-post","status-publish","format-standard","has-post-thumbnail","hentry","category-geral"],"views":1090,"_links":{"self":[{"href":"https:\/\/www.sudoestehoje.com.br\/novoportal\/wp-json\/wp\/v2\/posts\/93515","targetHints":{"allow":["GET"]}}],"collection":[{"href":"https:\/\/www.sudoestehoje.com.br\/novoportal\/wp-json\/wp\/v2\/posts"}],"about":[{"href":"https:\/\/www.sudoestehoje.com.br\/novoportal\/wp-json\/wp\/v2\/types\/post"}],"author":[{"embeddable":true,"href":"https:\/\/www.sudoestehoje.com.br\/novoportal\/wp-json\/wp\/v2\/users\/2"}],"replies":[{"embeddable":true,"href":"https:\/\/www.sudoestehoje.com.br\/novoportal\/wp-json\/wp\/v2\/comments?post=93515"}],"version-history":[{"count":2,"href":"https:\/\/www.sudoestehoje.com.br\/novoportal\/wp-json\/wp\/v2\/posts\/93515\/revisions"}],"predecessor-version":[{"id":93518,"href":"https:\/\/www.sudoestehoje.com.br\/novoportal\/wp-json\/wp\/v2\/posts\/93515\/revisions\/93518"}],"wp:featuredmedia":[{"embeddable":true,"href":"https:\/\/www.sudoestehoje.com.br\/novoportal\/wp-json\/wp\/v2\/media\/93516"}],"wp:attachment":[{"href":"https:\/\/www.sudoestehoje.com.br\/novoportal\/wp-json\/wp\/v2\/media?parent=93515"}],"wp:term":[{"taxonomy":"category","embeddable":true,"href":"https:\/\/www.sudoestehoje.com.br\/novoportal\/wp-json\/wp\/v2\/categories?post=93515"},{"taxonomy":"post_tag","embeddable":true,"href":"https:\/\/www.sudoestehoje.com.br\/novoportal\/wp-json\/wp\/v2\/tags?post=93515"}],"curies":[{"name":"wp","href":"https:\/\/api.w.org\/{rel}","templated":true}]}}