
{"id":93487,"date":"2021-03-02T20:34:29","date_gmt":"2021-03-02T23:34:29","guid":{"rendered":"https:\/\/www.sudoestehoje.com.br\/novoportal\/?p=93487"},"modified":"2021-03-02T20:34:29","modified_gmt":"2021-03-02T23:34:29","slug":"itapetinga-tera-toque-de-recolher-ate-31-de-marco-comercio-fecha-nos-finais-de-semana","status":"publish","type":"post","link":"https:\/\/www.sudoestehoje.com.br\/novoportal\/2021\/03\/02\/itapetinga-tera-toque-de-recolher-ate-31-de-marco-comercio-fecha-nos-finais-de-semana\/","title":{"rendered":"ITAPETINGA TER\u00c1 TOQUE DE RECOLHER AT\u00c9 31 DE MAR\u00c7O; COM\u00c9RCIO FECHA NOS FINAIS DE SEMANA"},"content":{"rendered":"<p><a href=\"https:\/\/www.sudoestehoje.com.br\/novoportal\/wp-content\/uploads\/2021\/02\/itapetinga-vista-2.jpeg\"><img loading=\"lazy\" decoding=\"async\" class=\"aligncenter size-medium wp-image-93292\" src=\"https:\/\/www.sudoestehoje.com.br\/novoportal\/wp-content\/uploads\/2021\/02\/itapetinga-vista-2-500x333.jpeg\" alt=\"\" width=\"500\" height=\"333\" srcset=\"https:\/\/www.sudoestehoje.com.br\/novoportal\/wp-content\/uploads\/2021\/02\/itapetinga-vista-2-500x333.jpeg 500w, https:\/\/www.sudoestehoje.com.br\/novoportal\/wp-content\/uploads\/2021\/02\/itapetinga-vista-2-700x466.jpeg 700w, https:\/\/www.sudoestehoje.com.br\/novoportal\/wp-content\/uploads\/2021\/02\/itapetinga-vista-2-768x512.jpeg 768w, https:\/\/www.sudoestehoje.com.br\/novoportal\/wp-content\/uploads\/2021\/02\/itapetinga-vista-2.jpeg 1280w\" sizes=\"auto, (max-width: 500px) 100vw, 500px\" \/><\/a><\/p>\n<p><strong>O novo decreto do governador Rui Costa estendeu o &#8216;Toque de Recolher&#8217; em todas as regi\u00f5es da Bahia at\u00e9 o dia 31 de mar\u00e7o, das 20h at\u00e9 \u00e1s 5h da manh\u00e3, o que inclui Itapetinga e cidades da regi\u00e3o.<\/strong><\/p>\n<p><strong>Nos finais de semana (s\u00e1bados e domingos), o com\u00e9rcio considerado n\u00e3o essencial permanecer\u00e1 fechado.<\/strong><\/p>\n<p><strong>Fica tamb\u00e9m proibida a venda de bebidas alco\u00f3licas nos finais de semana, em todo o estado.<\/strong><\/p>\n<p><strong><em>Reda\u00e7\u00e3o<\/em><\/strong><\/p>\n","protected":false},"excerpt":{"rendered":"<p>O novo decreto do governador Rui Costa estendeu o &#8216;Toque de Recolher&#8217; em todas as regi\u00f5es da Bahia at\u00e9 o dia 31 de mar\u00e7o, das 20h at\u00e9 \u00e1s 5h da manh\u00e3, o que inclui Itapetinga e cidades da regi\u00e3o. Nos finais de semana (s\u00e1bados e domingos), o com\u00e9rcio considerado n\u00e3o essencial permanecer\u00e1 fechado. Fica tamb\u00e9m [&hellip;]<\/p>\n","protected":false},"author":2,"featured_media":93292,"comment_status":"open","ping_status":"open","sticky":false,"template":"","format":"standard","meta":{"footnotes":"","_links_to":"","_links_to_target":""},"categories":[1],"tags":[],"class_list":["post-93487","post","type-post","status-publish","format-standard","has-post-thumbnail","hentry","category-geral"],"views":3593,"_links":{"self":[{"href":"https:\/\/www.sudoestehoje.com.br\/novoportal\/wp-json\/wp\/v2\/posts\/93487","targetHints":{"allow":["GET"]}}],"collection":[{"href":"https:\/\/www.sudoestehoje.com.br\/novoportal\/wp-json\/wp\/v2\/posts"}],"about":[{"href":"https:\/\/www.sudoestehoje.com.br\/novoportal\/wp-json\/wp\/v2\/types\/post"}],"author":[{"embeddable":true,"href":"https:\/\/www.sudoestehoje.com.br\/novoportal\/wp-json\/wp\/v2\/users\/2"}],"replies":[{"embeddable":true,"href":"https:\/\/www.sudoestehoje.com.br\/novoportal\/wp-json\/wp\/v2\/comments?post=93487"}],"version-history":[{"count":2,"href":"https:\/\/www.sudoestehoje.com.br\/novoportal\/wp-json\/wp\/v2\/posts\/93487\/revisions"}],"predecessor-version":[{"id":93489,"href":"https:\/\/www.sudoestehoje.com.br\/novoportal\/wp-json\/wp\/v2\/posts\/93487\/revisions\/93489"}],"wp:featuredmedia":[{"embeddable":true,"href":"https:\/\/www.sudoestehoje.com.br\/novoportal\/wp-json\/wp\/v2\/media\/93292"}],"wp:attachment":[{"href":"https:\/\/www.sudoestehoje.com.br\/novoportal\/wp-json\/wp\/v2\/media?parent=93487"}],"wp:term":[{"taxonomy":"category","embeddable":true,"href":"https:\/\/www.sudoestehoje.com.br\/novoportal\/wp-json\/wp\/v2\/categories?post=93487"},{"taxonomy":"post_tag","embeddable":true,"href":"https:\/\/www.sudoestehoje.com.br\/novoportal\/wp-json\/wp\/v2\/tags?post=93487"}],"curies":[{"name":"wp","href":"https:\/\/api.w.org\/{rel}","templated":true}]}}