
{"id":93479,"date":"2021-03-02T17:05:18","date_gmt":"2021-03-02T20:05:18","guid":{"rendered":"https:\/\/www.sudoestehoje.com.br\/novoportal\/?p=93479"},"modified":"2021-03-02T17:16:35","modified_gmt":"2021-03-02T20:16:35","slug":"itapetinga-nao-tera-lockdown-prorrogado-mas-toque-de-recolher-deve-comecar-as-19h","status":"publish","type":"post","link":"https:\/\/www.sudoestehoje.com.br\/novoportal\/2021\/03\/02\/itapetinga-nao-tera-lockdown-prorrogado-mas-toque-de-recolher-deve-comecar-as-19h\/","title":{"rendered":"ITAPETINGA N\u00c3O TER\u00c1 LOCKDOWN PRORROGADO, MAS TOQUE DE RECOLHER DEVE COME\u00c7AR \u00c0S 19h"},"content":{"rendered":"<p><a href=\"https:\/\/www.sudoestehoje.com.br\/novoportal\/wp-content\/uploads\/2021\/03\/itapetinga-noturno-1.jpeg\"><img loading=\"lazy\" decoding=\"async\" class=\"aligncenter size-medium wp-image-93481\" src=\"https:\/\/www.sudoestehoje.com.br\/novoportal\/wp-content\/uploads\/2021\/03\/itapetinga-noturno-1-500x333.jpeg\" alt=\"\" width=\"500\" height=\"333\" srcset=\"https:\/\/www.sudoestehoje.com.br\/novoportal\/wp-content\/uploads\/2021\/03\/itapetinga-noturno-1-500x333.jpeg 500w, https:\/\/www.sudoestehoje.com.br\/novoportal\/wp-content\/uploads\/2021\/03\/itapetinga-noturno-1-700x466.jpeg 700w, https:\/\/www.sudoestehoje.com.br\/novoportal\/wp-content\/uploads\/2021\/03\/itapetinga-noturno-1-768x511.jpeg 768w, https:\/\/www.sudoestehoje.com.br\/novoportal\/wp-content\/uploads\/2021\/03\/itapetinga-noturno-1-1536x1022.jpeg 1536w, https:\/\/www.sudoestehoje.com.br\/novoportal\/wp-content\/uploads\/2021\/03\/itapetinga-noturno-1.jpeg 1600w\" sizes=\"auto, (max-width: 500px) 100vw, 500px\" \/><\/a><\/p>\n<p><strong>Em reuni\u00e3o com os prefeitos de Salvador e Regi\u00e3o Metropolitana (RMS)\u00a0nesta ter\u00e7a-feira (2), o governador Rui Costa (PT) decidiu prorrogar o fechamento das atividades n\u00e3o essenciais at\u00e9 a pr\u00f3xima segunda-feira (8).\u00a0<\/strong><\/p>\n<p><strong>J\u00e1 as outras regi\u00f5es do estado, incluindo o Sudoeste, a ideia \u00e9 reabrir o com\u00e9rcio apenas durante a semana.<\/strong><strong>O toque de recolher nesses munic\u00edpios, incluindo Itapetinga, seria estendido para \u00e0s 19h at\u00e9 5h at\u00e9 o fim deste m\u00eas, enquanto na capital e RMS permanece das 20h \u00e0s 5h.<\/strong><\/p>\n<p><strong>A venda de bebida alco\u00f3lica aos finais de semana tamb\u00e9m deve voltar a ser proibida.<\/strong><\/p>\n<p><strong>O governador Rui Costa vai publicar um novo decreto com os detalhes, ainda nesta ter\u00e7a-feira (2).<\/strong><\/p>\n<p><strong><em>Reda\u00e7\u00e3o<\/em><\/strong><\/p>\n","protected":false},"excerpt":{"rendered":"<p>Em reuni\u00e3o com os prefeitos de Salvador e Regi\u00e3o Metropolitana (RMS)\u00a0nesta ter\u00e7a-feira (2), o governador Rui Costa (PT) decidiu prorrogar o fechamento das atividades n\u00e3o essenciais at\u00e9 a pr\u00f3xima segunda-feira (8).\u00a0 J\u00e1 as outras regi\u00f5es do estado, incluindo o Sudoeste, a ideia \u00e9 reabrir o com\u00e9rcio apenas durante a semana.O toque de recolher nesses munic\u00edpios, [&hellip;]<\/p>\n","protected":false},"author":2,"featured_media":93481,"comment_status":"open","ping_status":"open","sticky":false,"template":"","format":"standard","meta":{"footnotes":"","_links_to":"","_links_to_target":""},"categories":[1],"tags":[],"class_list":["post-93479","post","type-post","status-publish","format-standard","has-post-thumbnail","hentry","category-geral"],"views":3303,"_links":{"self":[{"href":"https:\/\/www.sudoestehoje.com.br\/novoportal\/wp-json\/wp\/v2\/posts\/93479","targetHints":{"allow":["GET"]}}],"collection":[{"href":"https:\/\/www.sudoestehoje.com.br\/novoportal\/wp-json\/wp\/v2\/posts"}],"about":[{"href":"https:\/\/www.sudoestehoje.com.br\/novoportal\/wp-json\/wp\/v2\/types\/post"}],"author":[{"embeddable":true,"href":"https:\/\/www.sudoestehoje.com.br\/novoportal\/wp-json\/wp\/v2\/users\/2"}],"replies":[{"embeddable":true,"href":"https:\/\/www.sudoestehoje.com.br\/novoportal\/wp-json\/wp\/v2\/comments?post=93479"}],"version-history":[{"count":4,"href":"https:\/\/www.sudoestehoje.com.br\/novoportal\/wp-json\/wp\/v2\/posts\/93479\/revisions"}],"predecessor-version":[{"id":93484,"href":"https:\/\/www.sudoestehoje.com.br\/novoportal\/wp-json\/wp\/v2\/posts\/93479\/revisions\/93484"}],"wp:featuredmedia":[{"embeddable":true,"href":"https:\/\/www.sudoestehoje.com.br\/novoportal\/wp-json\/wp\/v2\/media\/93481"}],"wp:attachment":[{"href":"https:\/\/www.sudoestehoje.com.br\/novoportal\/wp-json\/wp\/v2\/media?parent=93479"}],"wp:term":[{"taxonomy":"category","embeddable":true,"href":"https:\/\/www.sudoestehoje.com.br\/novoportal\/wp-json\/wp\/v2\/categories?post=93479"},{"taxonomy":"post_tag","embeddable":true,"href":"https:\/\/www.sudoestehoje.com.br\/novoportal\/wp-json\/wp\/v2\/tags?post=93479"}],"curies":[{"name":"wp","href":"https:\/\/api.w.org\/{rel}","templated":true}]}}