
{"id":93468,"date":"2021-03-01T21:58:32","date_gmt":"2021-03-02T00:58:32","guid":{"rendered":"https:\/\/www.sudoestehoje.com.br\/novoportal\/?p=93468"},"modified":"2021-03-02T09:38:12","modified_gmt":"2021-03-02T12:38:12","slug":"precos-da-gasolina-e-do-diesel-voltam-a-subir-pela-quinta-vez-neste-ano","status":"publish","type":"post","link":"https:\/\/www.sudoestehoje.com.br\/novoportal\/2021\/03\/01\/precos-da-gasolina-e-do-diesel-voltam-a-subir-pela-quinta-vez-neste-ano\/","title":{"rendered":"PRE\u00c7OS DA GASOLINA E DO DIESEL VOLTAM A SUBIR PELA QUINTA VEZ NESTE ANO"},"content":{"rendered":"<p><a href=\"https:\/\/www.sudoestehoje.com.br\/novoportal\/wp-content\/uploads\/2021\/03\/economia-alta-combustiveis-20180103-0005-copy.jpg\"><img loading=\"lazy\" decoding=\"async\" class=\"size-medium wp-image-93472\" src=\"https:\/\/www.sudoestehoje.com.br\/novoportal\/wp-content\/uploads\/2021\/03\/economia-alta-combustiveis-20180103-0005-copy-500x333.jpg\" alt=\"\" width=\"500\" height=\"333\" srcset=\"https:\/\/www.sudoestehoje.com.br\/novoportal\/wp-content\/uploads\/2021\/03\/economia-alta-combustiveis-20180103-0005-copy-500x333.jpg 500w, https:\/\/www.sudoestehoje.com.br\/novoportal\/wp-content\/uploads\/2021\/03\/economia-alta-combustiveis-20180103-0005-copy-700x467.jpg 700w, https:\/\/www.sudoestehoje.com.br\/novoportal\/wp-content\/uploads\/2021\/03\/economia-alta-combustiveis-20180103-0005-copy-768x512.jpg 768w, https:\/\/www.sudoestehoje.com.br\/novoportal\/wp-content\/uploads\/2021\/03\/economia-alta-combustiveis-20180103-0005-copy.jpg 1500w\" sizes=\"auto, (max-width: 500px) 100vw, 500px\" \/><\/a><\/p>\n<p><strong>A Petrobras anunciou que vai aumentar novamente os pre\u00e7os da gasolina e do diesel nas refinarias. O reajuste vale j\u00e1 a partir de ter\u00e7a-feira (2), segundo informou a assessoria de imprensa da companhia nesta segunda (1\u00ba). A nova alta vem pouco mais de uma semana ap\u00f3s o presidente Jair Bolsonaro (sem partido) pedir a substitui\u00e7\u00e3o do presidente da petroleira.<\/strong><\/p>\n<p dir=\"ltr\"><strong>Com o aumento, o pre\u00e7o m\u00e9dio de venda da gasolina passar\u00e1 a ser de R$ 2,60 por litro, alta de R$ 0,12 por litro (4,8%), enquanto o diesel passar\u00e1 a m\u00e9dia de R$ 2,71 por litro, aumento de R$ 0,13 por litro (5%).<\/strong><\/p>\n<p dir=\"ltr\"><strong>Esse reajuste marca a quinta alta do ano no pre\u00e7o da gasolina e a quarta no pre\u00e7o do diesel s\u00f3 em 2021. O G1 lembra que, em dezembro, o litro da gasolina custava em m\u00e9dia R$ 1,84. J\u00e1 o do diesel, R$ 2,02, o que significa uma alta de 41,3% e 34,16%, respectivamente.<\/strong><\/p>\n","protected":false},"excerpt":{"rendered":"<p>A Petrobras anunciou que vai aumentar novamente os pre\u00e7os da gasolina e do diesel nas refinarias. O reajuste vale j\u00e1 a partir de ter\u00e7a-feira (2), segundo informou a assessoria de imprensa da companhia nesta segunda (1\u00ba). A nova alta vem pouco mais de uma semana ap\u00f3s o presidente Jair Bolsonaro (sem partido) pedir a substitui\u00e7\u00e3o [&hellip;]<\/p>\n","protected":false},"author":2,"featured_media":93472,"comment_status":"open","ping_status":"open","sticky":false,"template":"","format":"standard","meta":{"footnotes":"","_links_to":"","_links_to_target":""},"categories":[1],"tags":[],"class_list":["post-93468","post","type-post","status-publish","format-standard","has-post-thumbnail","hentry","category-geral"],"views":820,"_links":{"self":[{"href":"https:\/\/www.sudoestehoje.com.br\/novoportal\/wp-json\/wp\/v2\/posts\/93468","targetHints":{"allow":["GET"]}}],"collection":[{"href":"https:\/\/www.sudoestehoje.com.br\/novoportal\/wp-json\/wp\/v2\/posts"}],"about":[{"href":"https:\/\/www.sudoestehoje.com.br\/novoportal\/wp-json\/wp\/v2\/types\/post"}],"author":[{"embeddable":true,"href":"https:\/\/www.sudoestehoje.com.br\/novoportal\/wp-json\/wp\/v2\/users\/2"}],"replies":[{"embeddable":true,"href":"https:\/\/www.sudoestehoje.com.br\/novoportal\/wp-json\/wp\/v2\/comments?post=93468"}],"version-history":[{"count":5,"href":"https:\/\/www.sudoestehoje.com.br\/novoportal\/wp-json\/wp\/v2\/posts\/93468\/revisions"}],"predecessor-version":[{"id":93478,"href":"https:\/\/www.sudoestehoje.com.br\/novoportal\/wp-json\/wp\/v2\/posts\/93468\/revisions\/93478"}],"wp:featuredmedia":[{"embeddable":true,"href":"https:\/\/www.sudoestehoje.com.br\/novoportal\/wp-json\/wp\/v2\/media\/93472"}],"wp:attachment":[{"href":"https:\/\/www.sudoestehoje.com.br\/novoportal\/wp-json\/wp\/v2\/media?parent=93468"}],"wp:term":[{"taxonomy":"category","embeddable":true,"href":"https:\/\/www.sudoestehoje.com.br\/novoportal\/wp-json\/wp\/v2\/categories?post=93468"},{"taxonomy":"post_tag","embeddable":true,"href":"https:\/\/www.sudoestehoje.com.br\/novoportal\/wp-json\/wp\/v2\/tags?post=93468"}],"curies":[{"name":"wp","href":"https:\/\/api.w.org\/{rel}","templated":true}]}}