
{"id":93443,"date":"2021-02-28T22:42:24","date_gmt":"2021-03-01T01:42:24","guid":{"rendered":"https:\/\/www.sudoestehoje.com.br\/novoportal\/?p=93443"},"modified":"2021-02-28T22:42:24","modified_gmt":"2021-03-01T01:42:24","slug":"itapetinga-acompanha-medidas-restritivas-decretadas-pelo-governo-do-estado","status":"publish","type":"post","link":"https:\/\/www.sudoestehoje.com.br\/novoportal\/2021\/02\/28\/itapetinga-acompanha-medidas-restritivas-decretadas-pelo-governo-do-estado\/","title":{"rendered":"ITAPETINGA ACOMPANHA MEDIDAS RESTRITIVAS DECRETADAS PELO GOVERNO DO ESTADO"},"content":{"rendered":"<p><a href=\"https:\/\/www.sudoestehoje.com.br\/novoportal\/wp-content\/uploads\/2021\/02\/medidas.jpg\"><img loading=\"lazy\" decoding=\"async\" class=\"aligncenter size-medium wp-image-93444\" src=\"https:\/\/www.sudoestehoje.com.br\/novoportal\/wp-content\/uploads\/2021\/02\/medidas-500x500.jpg\" alt=\"\" width=\"500\" height=\"500\" srcset=\"https:\/\/www.sudoestehoje.com.br\/novoportal\/wp-content\/uploads\/2021\/02\/medidas-500x500.jpg 500w, https:\/\/www.sudoestehoje.com.br\/novoportal\/wp-content\/uploads\/2021\/02\/medidas-700x700.jpg 700w, https:\/\/www.sudoestehoje.com.br\/novoportal\/wp-content\/uploads\/2021\/02\/medidas-150x150.jpg 150w, https:\/\/www.sudoestehoje.com.br\/novoportal\/wp-content\/uploads\/2021\/02\/medidas-768x768.jpg 768w, https:\/\/www.sudoestehoje.com.br\/novoportal\/wp-content\/uploads\/2021\/02\/medidas.jpg 1080w\" sizes=\"auto, (max-width: 500px) 100vw, 500px\" \/><\/a><\/p>\n<p><strong>O Governador Rui Costa, neste domingo, manteve a suspens\u00e3o de todas as atividades n\u00e3o essenciais at\u00e9 as 5h da quarta-feira (3). <\/strong><\/p>\n<p><strong>O toque de recolher, das 20h \u00e0s 5h tamb\u00e9m foi estendido para todo o estado at\u00e9 dia 8 de mar\u00e7o.<\/strong><\/p>\n<p><strong>Em cumprimento do decreto estadual, que abrange todos os munic\u00edpios do Sudoeste, Itapetinga tamb\u00e9m adotar\u00e1 as medidas restritivas.<\/strong><\/p>\n<p><strong>N\u00e3o haver\u00e1 expediente nas reparti\u00e7\u00f5es municipais.<\/strong><\/p>\n","protected":false},"excerpt":{"rendered":"<p>O Governador Rui Costa, neste domingo, manteve a suspens\u00e3o de todas as atividades n\u00e3o essenciais at\u00e9 as 5h da quarta-feira (3). O toque de recolher, das 20h \u00e0s 5h tamb\u00e9m foi estendido para todo o estado at\u00e9 dia 8 de mar\u00e7o. Em cumprimento do decreto estadual, que abrange todos os munic\u00edpios do Sudoeste, Itapetinga tamb\u00e9m [&hellip;]<\/p>\n","protected":false},"author":2,"featured_media":93444,"comment_status":"open","ping_status":"open","sticky":false,"template":"","format":"standard","meta":{"footnotes":"","_links_to":"","_links_to_target":""},"categories":[1],"tags":[],"class_list":["post-93443","post","type-post","status-publish","format-standard","has-post-thumbnail","hentry","category-geral"],"views":1193,"_links":{"self":[{"href":"https:\/\/www.sudoestehoje.com.br\/novoportal\/wp-json\/wp\/v2\/posts\/93443","targetHints":{"allow":["GET"]}}],"collection":[{"href":"https:\/\/www.sudoestehoje.com.br\/novoportal\/wp-json\/wp\/v2\/posts"}],"about":[{"href":"https:\/\/www.sudoestehoje.com.br\/novoportal\/wp-json\/wp\/v2\/types\/post"}],"author":[{"embeddable":true,"href":"https:\/\/www.sudoestehoje.com.br\/novoportal\/wp-json\/wp\/v2\/users\/2"}],"replies":[{"embeddable":true,"href":"https:\/\/www.sudoestehoje.com.br\/novoportal\/wp-json\/wp\/v2\/comments?post=93443"}],"version-history":[{"count":1,"href":"https:\/\/www.sudoestehoje.com.br\/novoportal\/wp-json\/wp\/v2\/posts\/93443\/revisions"}],"predecessor-version":[{"id":93445,"href":"https:\/\/www.sudoestehoje.com.br\/novoportal\/wp-json\/wp\/v2\/posts\/93443\/revisions\/93445"}],"wp:featuredmedia":[{"embeddable":true,"href":"https:\/\/www.sudoestehoje.com.br\/novoportal\/wp-json\/wp\/v2\/media\/93444"}],"wp:attachment":[{"href":"https:\/\/www.sudoestehoje.com.br\/novoportal\/wp-json\/wp\/v2\/media?parent=93443"}],"wp:term":[{"taxonomy":"category","embeddable":true,"href":"https:\/\/www.sudoestehoje.com.br\/novoportal\/wp-json\/wp\/v2\/categories?post=93443"},{"taxonomy":"post_tag","embeddable":true,"href":"https:\/\/www.sudoestehoje.com.br\/novoportal\/wp-json\/wp\/v2\/tags?post=93443"}],"curies":[{"name":"wp","href":"https:\/\/api.w.org\/{rel}","templated":true}]}}