
{"id":93427,"date":"2021-02-28T20:30:25","date_gmt":"2021-02-28T23:30:25","guid":{"rendered":"https:\/\/www.sudoestehoje.com.br\/novoportal\/?p=93427"},"modified":"2021-02-28T20:55:12","modified_gmt":"2021-02-28T23:55:12","slug":"rui-costa-estende-lockdown-por-mais-2-dias","status":"publish","type":"post","link":"https:\/\/www.sudoestehoje.com.br\/novoportal\/2021\/02\/28\/rui-costa-estende-lockdown-por-mais-2-dias\/","title":{"rendered":"V\u00cdDEO: RUI COSTA ESTENDE LOCKDOWN POR MAIS 2 DIAS; ITAPETINGA E REGI\u00c3O SEGUEM DECRETO"},"content":{"rendered":"<p><a href=\"https:\/\/www.sudoestehoje.com.br\/novoportal\/wp-content\/uploads\/2021\/02\/RUI-ESTENDE.jpg\"><img loading=\"lazy\" decoding=\"async\" class=\"aligncenter size-medium wp-image-93429\" src=\"https:\/\/www.sudoestehoje.com.br\/novoportal\/wp-content\/uploads\/2021\/02\/RUI-ESTENDE-500x281.jpg\" alt=\"\" width=\"500\" height=\"281\" srcset=\"https:\/\/www.sudoestehoje.com.br\/novoportal\/wp-content\/uploads\/2021\/02\/RUI-ESTENDE-500x281.jpg 500w, https:\/\/www.sudoestehoje.com.br\/novoportal\/wp-content\/uploads\/2021\/02\/RUI-ESTENDE.jpg 640w\" sizes=\"auto, (max-width: 500px) 100vw, 500px\" \/><\/a><\/p>\n<p><strong>Governo da Bahia e prefeitura de Salvador decidiram estender a amplia\u00e7\u00e3o das medidas restritivas por mais dois dias, ap\u00f3s um fechamento de atividades n\u00e3o essenciais entre as 17h da \u00faltima sexta-feira (26) e as 5h desta segunda (1\u00ba). Com a decis\u00e3o, apenas servi\u00e7os essenciais v\u00e3o continuar funcionando em toda a Bahia &#8211; exceto o Oeste, o Norte e o Nordeste &#8211; at\u00e9 a pr\u00f3xima ter\u00e7a-feira (2).<\/strong><\/p>\n<p><strong>Neste domingo (28), a Bahia registrou o maior n\u00famero de internados em unidades de terapia intensiva desde o in\u00edcio da pandemia, com 983 pessoas hospitalizadas em leitos Covid-19, incluindo crian\u00e7as e adolescentes. Foram registradas ainda 90 mortes nas \u00faltimas 24h, com concentra\u00e7\u00e3o dos \u00f3bitos registrados nas \u00faltimas semanas (<a href=\"https:\/\/www.bahianoticias.com.br\/noticia\/257017-bahia-bate-novo-recorde-de-pacientes-internados-em-uti-covid-numero-de-mortes-cai.html\" target=\"_blank\" rel=\"noopener noreferrer\">lembre aqui<\/a>).<\/strong><\/p>\n<p><iframe loading=\"lazy\" title=\"Lockdown do Coronav\u00edrus | Rui prorroga medidas por mais dois dias tamb\u00e9m em Vit\u00f3ria da Conquista\" width=\"500\" height=\"375\" src=\"https:\/\/www.youtube.com\/embed\/UN9VFY7xLHM?feature=oembed\" frameborder=\"0\" allow=\"accelerometer; autoplay; clipboard-write; encrypted-media; gyroscope; picture-in-picture; web-share\" referrerpolicy=\"strict-origin-when-cross-origin\" allowfullscreen><\/iframe><\/p>\n<p><strong>\u201cOs hospitais privados continuam operando a quase 100%. A rede p\u00fablica acima de 90%. Ao longo do dia de hoje estavam na fila esperando a regula\u00e7\u00e3o mais de 195 para leitos de UTI\u201d, explicou o governador Rui Costa. De acordo com o governador, foram 320 mortes registradas nos \u00faltimos tr\u00eas dias, o que ampliou a preocupa\u00e7\u00e3o com o momento da pandemia.<\/strong><\/p>\n<p><strong>A extens\u00e3o das medidas restritivas ampliadas inclui tamb\u00e9m o toque de recolher, que se mant\u00e9m entre 20h e 5h at\u00e9 o dia 7 de mar\u00e7o. Nesse per\u00edodo, apenas urg\u00eancias e emerg\u00eancias na \u00e1rea de sa\u00fade e seguran\u00e7a podem ser atendidas. <\/strong><\/p>\n<p><strong>Itapetinga e munic\u00edpios do M\u00e9dio Sudoeste foram inclu\u00eddos no decreto do governo.<\/strong><\/p>\n","protected":false},"excerpt":{"rendered":"<p>Governo da Bahia e prefeitura de Salvador decidiram estender a amplia\u00e7\u00e3o das medidas restritivas por mais dois dias, ap\u00f3s um fechamento de atividades n\u00e3o essenciais entre as 17h da \u00faltima sexta-feira (26) e as 5h desta segunda (1\u00ba). Com a decis\u00e3o, apenas servi\u00e7os essenciais v\u00e3o continuar funcionando em toda a Bahia &#8211; exceto o Oeste, [&hellip;]<\/p>\n","protected":false},"author":2,"featured_media":93429,"comment_status":"open","ping_status":"open","sticky":false,"template":"","format":"standard","meta":{"footnotes":"","_links_to":"","_links_to_target":""},"categories":[1],"tags":[],"class_list":["post-93427","post","type-post","status-publish","format-standard","has-post-thumbnail","hentry","category-geral"],"views":1303,"_links":{"self":[{"href":"https:\/\/www.sudoestehoje.com.br\/novoportal\/wp-json\/wp\/v2\/posts\/93427","targetHints":{"allow":["GET"]}}],"collection":[{"href":"https:\/\/www.sudoestehoje.com.br\/novoportal\/wp-json\/wp\/v2\/posts"}],"about":[{"href":"https:\/\/www.sudoestehoje.com.br\/novoportal\/wp-json\/wp\/v2\/types\/post"}],"author":[{"embeddable":true,"href":"https:\/\/www.sudoestehoje.com.br\/novoportal\/wp-json\/wp\/v2\/users\/2"}],"replies":[{"embeddable":true,"href":"https:\/\/www.sudoestehoje.com.br\/novoportal\/wp-json\/wp\/v2\/comments?post=93427"}],"version-history":[{"count":8,"href":"https:\/\/www.sudoestehoje.com.br\/novoportal\/wp-json\/wp\/v2\/posts\/93427\/revisions"}],"predecessor-version":[{"id":93436,"href":"https:\/\/www.sudoestehoje.com.br\/novoportal\/wp-json\/wp\/v2\/posts\/93427\/revisions\/93436"}],"wp:featuredmedia":[{"embeddable":true,"href":"https:\/\/www.sudoestehoje.com.br\/novoportal\/wp-json\/wp\/v2\/media\/93429"}],"wp:attachment":[{"href":"https:\/\/www.sudoestehoje.com.br\/novoportal\/wp-json\/wp\/v2\/media?parent=93427"}],"wp:term":[{"taxonomy":"category","embeddable":true,"href":"https:\/\/www.sudoestehoje.com.br\/novoportal\/wp-json\/wp\/v2\/categories?post=93427"},{"taxonomy":"post_tag","embeddable":true,"href":"https:\/\/www.sudoestehoje.com.br\/novoportal\/wp-json\/wp\/v2\/tags?post=93427"}],"curies":[{"name":"wp","href":"https:\/\/api.w.org\/{rel}","templated":true}]}}