
{"id":93421,"date":"2021-02-28T13:48:40","date_gmt":"2021-02-28T16:48:40","guid":{"rendered":"https:\/\/www.sudoestehoje.com.br\/novoportal\/?p=93421"},"modified":"2021-02-28T13:48:40","modified_gmt":"2021-02-28T16:48:40","slug":"itapetinga-pedro-tavares-manifesta-pesar-pela-morte-do-servidor-flavio-viana","status":"publish","type":"post","link":"https:\/\/www.sudoestehoje.com.br\/novoportal\/2021\/02\/28\/itapetinga-pedro-tavares-manifesta-pesar-pela-morte-do-servidor-flavio-viana\/","title":{"rendered":"ITAPETINGA: PEDRO TAVARES MANIFESTA PESAR PELA MORTE DO SERVIDOR FL\u00c1VIO VIANA"},"content":{"rendered":"<p><a href=\"https:\/\/www.sudoestehoje.com.br\/novoportal\/wp-content\/uploads\/2021\/02\/notadepesar-1-scaled.jpg\"><img loading=\"lazy\" decoding=\"async\" class=\"aligncenter size-medium wp-image-93424\" src=\"https:\/\/www.sudoestehoje.com.br\/novoportal\/wp-content\/uploads\/2021\/02\/notadepesar-1-500x336.jpg\" alt=\"\" width=\"500\" height=\"336\" srcset=\"https:\/\/www.sudoestehoje.com.br\/novoportal\/wp-content\/uploads\/2021\/02\/notadepesar-1-500x336.jpg 500w, https:\/\/www.sudoestehoje.com.br\/novoportal\/wp-content\/uploads\/2021\/02\/notadepesar-1-700x471.jpg 700w, https:\/\/www.sudoestehoje.com.br\/novoportal\/wp-content\/uploads\/2021\/02\/notadepesar-1-768x517.jpg 768w, https:\/\/www.sudoestehoje.com.br\/novoportal\/wp-content\/uploads\/2021\/02\/notadepesar-1-1536x1033.jpg 1536w, https:\/\/www.sudoestehoje.com.br\/novoportal\/wp-content\/uploads\/2021\/02\/notadepesar-1-2048x1378.jpg 2048w\" sizes=\"auto, (max-width: 500px) 100vw, 500px\" \/><\/a><\/p>\n<p>O deputado estadual Pedro Tavares (DEM), manifestou pesar hoje (28\/02) pelo falecimento do servidor municipal de Itapetinga, Fl\u00e1vio Viana, fato que entristece a cidade, nesse final de semana.<\/p>\n<p>\u201cItapetinga se despede desse jovem, trabalhador, pessoa do bem, que lamentavelmente faleceu por conta da Covid-19, v\u00edrus que vem destruindo vidas em todo mundo. Lamentamos a perda de Fl\u00e1vio Viana e nos solidarizamos com a sua fam\u00edlia, amigos e colegas da gest\u00e3o municipal. Pedimos a Deus que acolha o seu esp\u00edrito e que fortale\u00e7a a todos nesse momento de dor e saudade\u201d, afirmou.<\/p>\n<p>Tavares lembra o momento de dificuldades que muitas fam\u00edlias enfrentam por conta da pandemia da covid-19 e a necessidade de todos continuarem seguindo as recomenda\u00e7\u00f5es do uso da m\u00e1scara, de evitar aglomera\u00e7\u00f5es e higienizar sempre as m\u00e3os.<\/p>\n<p>Ascom Pedro Tavares<\/p>\n","protected":false},"excerpt":{"rendered":"<p>O deputado estadual Pedro Tavares (DEM), manifestou pesar hoje (28\/02) pelo falecimento do servidor municipal de Itapetinga, Fl\u00e1vio Viana, fato que entristece a cidade, nesse final de semana. \u201cItapetinga se despede desse jovem, trabalhador, pessoa do bem, que lamentavelmente faleceu por conta da Covid-19, v\u00edrus que vem destruindo vidas em todo mundo. Lamentamos a perda [&hellip;]<\/p>\n","protected":false},"author":2,"featured_media":93424,"comment_status":"open","ping_status":"open","sticky":false,"template":"","format":"standard","meta":{"footnotes":"","_links_to":"","_links_to_target":""},"categories":[1],"tags":[],"class_list":["post-93421","post","type-post","status-publish","format-standard","has-post-thumbnail","hentry","category-geral"],"views":1018,"_links":{"self":[{"href":"https:\/\/www.sudoestehoje.com.br\/novoportal\/wp-json\/wp\/v2\/posts\/93421","targetHints":{"allow":["GET"]}}],"collection":[{"href":"https:\/\/www.sudoestehoje.com.br\/novoportal\/wp-json\/wp\/v2\/posts"}],"about":[{"href":"https:\/\/www.sudoestehoje.com.br\/novoportal\/wp-json\/wp\/v2\/types\/post"}],"author":[{"embeddable":true,"href":"https:\/\/www.sudoestehoje.com.br\/novoportal\/wp-json\/wp\/v2\/users\/2"}],"replies":[{"embeddable":true,"href":"https:\/\/www.sudoestehoje.com.br\/novoportal\/wp-json\/wp\/v2\/comments?post=93421"}],"version-history":[{"count":4,"href":"https:\/\/www.sudoestehoje.com.br\/novoportal\/wp-json\/wp\/v2\/posts\/93421\/revisions"}],"predecessor-version":[{"id":93426,"href":"https:\/\/www.sudoestehoje.com.br\/novoportal\/wp-json\/wp\/v2\/posts\/93421\/revisions\/93426"}],"wp:featuredmedia":[{"embeddable":true,"href":"https:\/\/www.sudoestehoje.com.br\/novoportal\/wp-json\/wp\/v2\/media\/93424"}],"wp:attachment":[{"href":"https:\/\/www.sudoestehoje.com.br\/novoportal\/wp-json\/wp\/v2\/media?parent=93421"}],"wp:term":[{"taxonomy":"category","embeddable":true,"href":"https:\/\/www.sudoestehoje.com.br\/novoportal\/wp-json\/wp\/v2\/categories?post=93421"},{"taxonomy":"post_tag","embeddable":true,"href":"https:\/\/www.sudoestehoje.com.br\/novoportal\/wp-json\/wp\/v2\/tags?post=93421"}],"curies":[{"name":"wp","href":"https:\/\/api.w.org\/{rel}","templated":true}]}}