
{"id":93414,"date":"2021-02-27T23:13:55","date_gmt":"2021-02-28T02:13:55","guid":{"rendered":"https:\/\/www.sudoestehoje.com.br\/novoportal\/?p=93414"},"modified":"2021-02-27T23:13:55","modified_gmt":"2021-02-28T02:13:55","slug":"covid-19-avanca-na-bahia-e-supera-a-marca-de-20-mil-casos-ativos","status":"publish","type":"post","link":"https:\/\/www.sudoestehoje.com.br\/novoportal\/2021\/02\/27\/covid-19-avanca-na-bahia-e-supera-a-marca-de-20-mil-casos-ativos\/","title":{"rendered":"COVID-19 AVAN\u00c7A NA BAHIA E SUPERA A MARCA DE 20 MIL CASOS ATIVOS"},"content":{"rendered":"<p><a href=\"https:\/\/www.sudoestehoje.com.br\/novoportal\/wp-content\/uploads\/2021\/02\/UTI-BAHIA.jpeg\"><img loading=\"lazy\" decoding=\"async\" class=\"aligncenter size-medium wp-image-93416\" src=\"https:\/\/www.sudoestehoje.com.br\/novoportal\/wp-content\/uploads\/2021\/02\/UTI-BAHIA-500x281.jpeg\" alt=\"\" width=\"500\" height=\"281\" srcset=\"https:\/\/www.sudoestehoje.com.br\/novoportal\/wp-content\/uploads\/2021\/02\/UTI-BAHIA-500x281.jpeg 500w, https:\/\/www.sudoestehoje.com.br\/novoportal\/wp-content\/uploads\/2021\/02\/UTI-BAHIA-700x394.jpeg 700w, https:\/\/www.sudoestehoje.com.br\/novoportal\/wp-content\/uploads\/2021\/02\/UTI-BAHIA-768x432.jpeg 768w, https:\/\/www.sudoestehoje.com.br\/novoportal\/wp-content\/uploads\/2021\/02\/UTI-BAHIA.jpeg 804w\" sizes=\"auto, (max-width: 500px) 100vw, 500px\" \/><\/a><\/p>\n<p>Dados da Secretaria de Sa\u00fade do Estado da Bahia (Sesab) atualizados neste s\u00e1bado comprovam o avan\u00e7o da pandemia no estado. S\u00e3o 20.582 casos ativos da doen\u00e7a atualmente. Margem semelhante havia sido registrada pela primeira vez no in\u00edcio de maio de 2020 e pela \u00faltima na segunda quinzena de julho do mesmo ano.<\/p>\n<p><strong>Entre sexta e s\u00e1bado, 104 novos \u00f3bitos foram registrados<\/strong> \u2013 ocorridos em datas diversas. O total de mortes acumuladas desde o in\u00edcio da pandemia \u00e9 de 11.729. Quanto as infec\u00e7\u00f5es, o total de casos registrados at\u00e9 este s\u00e1bado \u00e9 de 680.904.<\/p>\n<p>A Bahia tamb\u00e9m atinge neste momento um dos piores \u00edndices relativos \u00e0 ocupa\u00e7\u00e3o de leitos de UTI. S\u00e3o 933 pacientes com quadros graves da Covid-19. Destes, 24 s\u00e3o crian\u00e7as. Em leitos cl\u00ednicos, s\u00e3o 657 pessoas em internamento \u2013 35 s\u00e3o crian\u00e7as.<\/p>\n","protected":false},"excerpt":{"rendered":"<p>Dados da Secretaria de Sa\u00fade do Estado da Bahia (Sesab) atualizados neste s\u00e1bado comprovam o avan\u00e7o da pandemia no estado. S\u00e3o 20.582 casos ativos da doen\u00e7a atualmente. Margem semelhante havia sido registrada pela primeira vez no in\u00edcio de maio de 2020 e pela \u00faltima na segunda quinzena de julho do mesmo ano. Entre sexta e [&hellip;]<\/p>\n","protected":false},"author":2,"featured_media":93416,"comment_status":"open","ping_status":"open","sticky":false,"template":"","format":"standard","meta":{"footnotes":"","_links_to":"","_links_to_target":""},"categories":[1],"tags":[],"class_list":["post-93414","post","type-post","status-publish","format-standard","has-post-thumbnail","hentry","category-geral"],"views":864,"_links":{"self":[{"href":"https:\/\/www.sudoestehoje.com.br\/novoportal\/wp-json\/wp\/v2\/posts\/93414","targetHints":{"allow":["GET"]}}],"collection":[{"href":"https:\/\/www.sudoestehoje.com.br\/novoportal\/wp-json\/wp\/v2\/posts"}],"about":[{"href":"https:\/\/www.sudoestehoje.com.br\/novoportal\/wp-json\/wp\/v2\/types\/post"}],"author":[{"embeddable":true,"href":"https:\/\/www.sudoestehoje.com.br\/novoportal\/wp-json\/wp\/v2\/users\/2"}],"replies":[{"embeddable":true,"href":"https:\/\/www.sudoestehoje.com.br\/novoportal\/wp-json\/wp\/v2\/comments?post=93414"}],"version-history":[{"count":2,"href":"https:\/\/www.sudoestehoje.com.br\/novoportal\/wp-json\/wp\/v2\/posts\/93414\/revisions"}],"predecessor-version":[{"id":93417,"href":"https:\/\/www.sudoestehoje.com.br\/novoportal\/wp-json\/wp\/v2\/posts\/93414\/revisions\/93417"}],"wp:featuredmedia":[{"embeddable":true,"href":"https:\/\/www.sudoestehoje.com.br\/novoportal\/wp-json\/wp\/v2\/media\/93416"}],"wp:attachment":[{"href":"https:\/\/www.sudoestehoje.com.br\/novoportal\/wp-json\/wp\/v2\/media?parent=93414"}],"wp:term":[{"taxonomy":"category","embeddable":true,"href":"https:\/\/www.sudoestehoje.com.br\/novoportal\/wp-json\/wp\/v2\/categories?post=93414"},{"taxonomy":"post_tag","embeddable":true,"href":"https:\/\/www.sudoestehoje.com.br\/novoportal\/wp-json\/wp\/v2\/tags?post=93414"}],"curies":[{"name":"wp","href":"https:\/\/api.w.org\/{rel}","templated":true}]}}