
{"id":93405,"date":"2021-02-27T21:42:11","date_gmt":"2021-02-28T00:42:11","guid":{"rendered":"https:\/\/www.sudoestehoje.com.br\/novoportal\/?p=93405"},"modified":"2021-02-27T21:42:11","modified_gmt":"2021-02-28T00:42:11","slug":"itapetinga-nota-de-pesar-do-saae-pelo-falecimento-do-servidor-flavio-viana","status":"publish","type":"post","link":"https:\/\/www.sudoestehoje.com.br\/novoportal\/2021\/02\/27\/itapetinga-nota-de-pesar-do-saae-pelo-falecimento-do-servidor-flavio-viana\/","title":{"rendered":"ITAPETINGA: NOTA DE PESAR DO SAAE PELO FALECIMENTO DO SERVIDOR FL\u00c1VIO VIANA"},"content":{"rendered":"<p><a href=\"https:\/\/www.sudoestehoje.com.br\/novoportal\/wp-content\/uploads\/2021\/02\/FL\u00c1VIO-1.jpeg\"><img loading=\"lazy\" decoding=\"async\" class=\"aligncenter size-full wp-image-93406\" src=\"https:\/\/www.sudoestehoje.com.br\/novoportal\/wp-content\/uploads\/2021\/02\/FL\u00c1VIO-1.jpeg\" alt=\"\" width=\"486\" height=\"494\" \/><\/a><\/p>\n<p>A Dire\u00e7\u00e3o do SAAE de Itapetinga e todos os seus funcion\u00e1rios manifestam o mais profundo sentimento de pesar pelo falecimento de FL\u00c1VIO VIANA SANTOS, popularmente conhecido por Flav\u00e3o do SAAE, v\u00edtima da Covid-19, tempo em que se solidariza com todos os seus familiares e amigos.<\/p>\n<p>Fl\u00e1vio estava internado h\u00e1 duas semanas em Vit\u00f3ria da Conquista e diariamente familiares informavam ao SAAE e \u00e0 comunidade em geral sobre seu estado de sa\u00fade, atrav\u00e9s dos boletins m\u00e9dicos.<\/p>\n<p>A perda do querido servidor Fl\u00e1vio Viana chocou os seus colegas e deixa todos em estado de alerta para a gravidade deste v\u00edrus que assola a humanidade e nos torna vulner\u00e1veis, principalmente ao n\u00e3o observarmos os cuidados de preven\u00e7\u00e3o.<\/p>\n<p>Flav\u00e3o era filho do saudoso taxista Caatiba e irm\u00e3o do secret\u00e1rio de meio ambiente, F\u00e1bio Viana. Ele deixa vi\u00fava a jovem Dominik Viana.<\/p>\n<p>Que o nosso bom Deus o receba em sua gl\u00f3ria e conforte o cora\u00e7\u00e3o de todos os familiares.<\/p>\n<p>Descanse em Paz, Flav\u00e3o!<\/p>\n<p>A Dire\u00e7\u00e3o do SAAE e todos os seus funcion\u00e1rios.<\/p>\n","protected":false},"excerpt":{"rendered":"<p>A Dire\u00e7\u00e3o do SAAE de Itapetinga e todos os seus funcion\u00e1rios manifestam o mais profundo sentimento de pesar pelo falecimento de FL\u00c1VIO VIANA SANTOS, popularmente conhecido por Flav\u00e3o do SAAE, v\u00edtima da Covid-19, tempo em que se solidariza com todos os seus familiares e amigos. Fl\u00e1vio estava internado h\u00e1 duas semanas em Vit\u00f3ria da Conquista [&hellip;]<\/p>\n","protected":false},"author":2,"featured_media":93406,"comment_status":"open","ping_status":"open","sticky":false,"template":"","format":"standard","meta":{"footnotes":"","_links_to":"","_links_to_target":""},"categories":[1],"tags":[],"class_list":["post-93405","post","type-post","status-publish","format-standard","has-post-thumbnail","hentry","category-geral"],"views":1578,"_links":{"self":[{"href":"https:\/\/www.sudoestehoje.com.br\/novoportal\/wp-json\/wp\/v2\/posts\/93405","targetHints":{"allow":["GET"]}}],"collection":[{"href":"https:\/\/www.sudoestehoje.com.br\/novoportal\/wp-json\/wp\/v2\/posts"}],"about":[{"href":"https:\/\/www.sudoestehoje.com.br\/novoportal\/wp-json\/wp\/v2\/types\/post"}],"author":[{"embeddable":true,"href":"https:\/\/www.sudoestehoje.com.br\/novoportal\/wp-json\/wp\/v2\/users\/2"}],"replies":[{"embeddable":true,"href":"https:\/\/www.sudoestehoje.com.br\/novoportal\/wp-json\/wp\/v2\/comments?post=93405"}],"version-history":[{"count":1,"href":"https:\/\/www.sudoestehoje.com.br\/novoportal\/wp-json\/wp\/v2\/posts\/93405\/revisions"}],"predecessor-version":[{"id":93407,"href":"https:\/\/www.sudoestehoje.com.br\/novoportal\/wp-json\/wp\/v2\/posts\/93405\/revisions\/93407"}],"wp:featuredmedia":[{"embeddable":true,"href":"https:\/\/www.sudoestehoje.com.br\/novoportal\/wp-json\/wp\/v2\/media\/93406"}],"wp:attachment":[{"href":"https:\/\/www.sudoestehoje.com.br\/novoportal\/wp-json\/wp\/v2\/media?parent=93405"}],"wp:term":[{"taxonomy":"category","embeddable":true,"href":"https:\/\/www.sudoestehoje.com.br\/novoportal\/wp-json\/wp\/v2\/categories?post=93405"},{"taxonomy":"post_tag","embeddable":true,"href":"https:\/\/www.sudoestehoje.com.br\/novoportal\/wp-json\/wp\/v2\/tags?post=93405"}],"curies":[{"name":"wp","href":"https:\/\/api.w.org\/{rel}","templated":true}]}}