
{"id":93396,"date":"2021-02-27T19:43:40","date_gmt":"2021-02-27T22:43:40","guid":{"rendered":"https:\/\/www.sudoestehoje.com.br\/novoportal\/?p=93396"},"modified":"2021-02-27T19:51:29","modified_gmt":"2021-02-27T22:51:29","slug":"urgente-morre-em-conquista-o-servidor-flavao-do-saae-vitima-da-covid-19","status":"publish","type":"post","link":"https:\/\/www.sudoestehoje.com.br\/novoportal\/2021\/02\/27\/urgente-morre-em-conquista-o-servidor-flavao-do-saae-vitima-da-covid-19\/","title":{"rendered":"URGENTE! MORRE EM CONQUISTA O SERVIDOR &#8216;FLAV\u00c3O DO SAAE&#8221;, V\u00cdTIMA DA COVID-19"},"content":{"rendered":"<p><a href=\"https:\/\/www.sudoestehoje.com.br\/novoportal\/wp-content\/uploads\/2021\/02\/flav\u00e3o-2.jpeg\"><img loading=\"lazy\" decoding=\"async\" class=\"aligncenter size-medium wp-image-93398\" src=\"https:\/\/www.sudoestehoje.com.br\/novoportal\/wp-content\/uploads\/2021\/02\/flav\u00e3o-2-500x506.jpeg\" alt=\"\" width=\"500\" height=\"506\" srcset=\"https:\/\/www.sudoestehoje.com.br\/novoportal\/wp-content\/uploads\/2021\/02\/flav\u00e3o-2-500x506.jpeg 500w, https:\/\/www.sudoestehoje.com.br\/novoportal\/wp-content\/uploads\/2021\/02\/flav\u00e3o-2-700x709.jpeg 700w, https:\/\/www.sudoestehoje.com.br\/novoportal\/wp-content\/uploads\/2021\/02\/flav\u00e3o-2.jpeg 711w\" sizes=\"auto, (max-width: 500px) 100vw, 500px\" \/><\/a><\/p>\n<p>Acaba de falecer no Hospital de Cl\u00ednicas, em Vit\u00f3ria da Conquista, o servidor municipal Fl\u00e1vio Viana, popularmente conhecido por &#8220;Flav\u00e3o do SAAE&#8221;.<\/p>\n<p>Fl\u00e1vio contraiu o v\u00edrus Covid-19 durante o &#8216;feriad\u00e3o&#8217; do Carnaval, neste m\u00eas de fevereiro, sendo atendido j\u00e1 em estado avan\u00e7ado da doen\u00e7a, na UPA de Itapetinga.<\/p>\n<p>Depois de uma luta enorme por um leito de UTI, saiu a sua regula\u00e7\u00e3o para Salvador, mas acabou sendo removido para Vit\u00f3ria da Conquista, com o surgimento de uma vaga de \u00faltima hora.<\/p>\n<p>De acordo com familiares e amigos, o corpo de Flavio ser\u00e1 sepultado em Itapetinga, neste domingo (28) com restri\u00e7\u00f5es, obedecendo os protocolas sanit\u00e1rios.<\/p>\n<p>O Sudoeste Hoje manifesta \u00e0 fam\u00edlia enlutada os seus mais sinceros votos de pesar, pela perda do amigo Flav\u00e3o, pessoa querida em Itapetinga.<\/p>\n<p><strong><em>Por Davi Ferraz<\/em><\/strong><\/p>\n","protected":false},"excerpt":{"rendered":"<p>Acaba de falecer no Hospital de Cl\u00ednicas, em Vit\u00f3ria da Conquista, o servidor municipal Fl\u00e1vio Viana, popularmente conhecido por &#8220;Flav\u00e3o do SAAE&#8221;. Fl\u00e1vio contraiu o v\u00edrus Covid-19 durante o &#8216;feriad\u00e3o&#8217; do Carnaval, neste m\u00eas de fevereiro, sendo atendido j\u00e1 em estado avan\u00e7ado da doen\u00e7a, na UPA de Itapetinga. Depois de uma luta enorme por um [&hellip;]<\/p>\n","protected":false},"author":2,"featured_media":93398,"comment_status":"open","ping_status":"open","sticky":false,"template":"","format":"standard","meta":{"footnotes":"","_links_to":"","_links_to_target":""},"categories":[1],"tags":[],"class_list":["post-93396","post","type-post","status-publish","format-standard","has-post-thumbnail","hentry","category-geral"],"views":6331,"_links":{"self":[{"href":"https:\/\/www.sudoestehoje.com.br\/novoportal\/wp-json\/wp\/v2\/posts\/93396","targetHints":{"allow":["GET"]}}],"collection":[{"href":"https:\/\/www.sudoestehoje.com.br\/novoportal\/wp-json\/wp\/v2\/posts"}],"about":[{"href":"https:\/\/www.sudoestehoje.com.br\/novoportal\/wp-json\/wp\/v2\/types\/post"}],"author":[{"embeddable":true,"href":"https:\/\/www.sudoestehoje.com.br\/novoportal\/wp-json\/wp\/v2\/users\/2"}],"replies":[{"embeddable":true,"href":"https:\/\/www.sudoestehoje.com.br\/novoportal\/wp-json\/wp\/v2\/comments?post=93396"}],"version-history":[{"count":5,"href":"https:\/\/www.sudoestehoje.com.br\/novoportal\/wp-json\/wp\/v2\/posts\/93396\/revisions"}],"predecessor-version":[{"id":93402,"href":"https:\/\/www.sudoestehoje.com.br\/novoportal\/wp-json\/wp\/v2\/posts\/93396\/revisions\/93402"}],"wp:featuredmedia":[{"embeddable":true,"href":"https:\/\/www.sudoestehoje.com.br\/novoportal\/wp-json\/wp\/v2\/media\/93398"}],"wp:attachment":[{"href":"https:\/\/www.sudoestehoje.com.br\/novoportal\/wp-json\/wp\/v2\/media?parent=93396"}],"wp:term":[{"taxonomy":"category","embeddable":true,"href":"https:\/\/www.sudoestehoje.com.br\/novoportal\/wp-json\/wp\/v2\/categories?post=93396"},{"taxonomy":"post_tag","embeddable":true,"href":"https:\/\/www.sudoestehoje.com.br\/novoportal\/wp-json\/wp\/v2\/tags?post=93396"}],"curies":[{"name":"wp","href":"https:\/\/api.w.org\/{rel}","templated":true}]}}