
{"id":93384,"date":"2021-02-26T22:56:25","date_gmt":"2021-02-27T01:56:25","guid":{"rendered":"https:\/\/www.sudoestehoje.com.br\/novoportal\/?p=93384"},"modified":"2021-02-26T22:56:25","modified_gmt":"2021-02-27T01:56:25","slug":"itapetinga-vacinacao-contra-covid-19-continua-nesta-segunda-feira","status":"publish","type":"post","link":"https:\/\/www.sudoestehoje.com.br\/novoportal\/2021\/02\/26\/itapetinga-vacinacao-contra-covid-19-continua-nesta-segunda-feira\/","title":{"rendered":"ITAPETINGA: VACINA\u00c7\u00c3O CONTRA COVID-19 CONTINUA NESTA SEGUNDA-FEIRA"},"content":{"rendered":"<p><a href=\"https:\/\/www.sudoestehoje.com.br\/novoportal\/wp-content\/uploads\/2021\/02\/VACINAS.jpg\"><img loading=\"lazy\" decoding=\"async\" class=\"aligncenter size-medium wp-image-93385\" src=\"https:\/\/www.sudoestehoje.com.br\/novoportal\/wp-content\/uploads\/2021\/02\/VACINAS-500x625.jpg\" alt=\"\" width=\"500\" height=\"625\" srcset=\"https:\/\/www.sudoestehoje.com.br\/novoportal\/wp-content\/uploads\/2021\/02\/VACINAS-500x625.jpg 500w, https:\/\/www.sudoestehoje.com.br\/novoportal\/wp-content\/uploads\/2021\/02\/VACINAS-700x875.jpg 700w, https:\/\/www.sudoestehoje.com.br\/novoportal\/wp-content\/uploads\/2021\/02\/VACINAS-768x960.jpg 768w, https:\/\/www.sudoestehoje.com.br\/novoportal\/wp-content\/uploads\/2021\/02\/VACINAS.jpg 1024w\" sizes=\"auto, (max-width: 500px) 100vw, 500px\" \/><\/a><\/p>\n<p>A partir da pr\u00f3xima segunda-feira, 01, ser\u00e1 retomada a vacina\u00e7\u00e3o contra a Covid-19 em Itapetinga. Profissionais de sa\u00fade e idosos de 80 anos ou mais, que ainda n\u00e3o foram vacinados, receber\u00e3o a 1\u00aa dose da vacina Astrazeneca. Profissionais de sa\u00fade e idosos com 90 anos ou mais, que j\u00e1 receberam a 1\u00aa dose da Coronavac, receber\u00e3o a segunda dose.<\/p>\n<p><em>Confira os locais de vacina\u00e7\u00e3o por grupo:<\/em><\/p>\n<p><strong>1\u00aa dose (ASTRAZENECA)<\/strong><\/p>\n<p>Profissionais de sa\u00fade: Posto de sa\u00fade do Primavera<\/p>\n<p>Idosos 80 ou mais:<\/p>\n<p>Postos do Vila Riach\u00e3o,<\/p>\n<p>Nova Itapetinga,<\/p>\n<p>Clodoaldo Costa,<\/p>\n<p>Idal\u00e9cio Andrade,<\/p>\n<p>Orf\u00edsia Andrade.<\/p>\n<p><strong>2\u00aa dose (CORONAVAC)<\/strong><\/p>\n<p>Profissionais de Sa\u00fade: Unidade de Sa\u00fade Arnaldo Teixeira<\/p>\n<p>Idosos 90 anos ou mais:<\/p>\n<p>Posto de sa\u00fade Guilherme Dias<\/p>\n<p>A vacina\u00e7\u00e3o ocorrer\u00e1 das 7h \u00e0s 17h ou at\u00e9 se esgotarem as doses.<\/p>\n","protected":false},"excerpt":{"rendered":"<p>A partir da pr\u00f3xima segunda-feira, 01, ser\u00e1 retomada a vacina\u00e7\u00e3o contra a Covid-19 em Itapetinga. Profissionais de sa\u00fade e idosos de 80 anos ou mais, que ainda n\u00e3o foram vacinados, receber\u00e3o a 1\u00aa dose da vacina Astrazeneca. Profissionais de sa\u00fade e idosos com 90 anos ou mais, que j\u00e1 receberam a 1\u00aa dose da Coronavac, [&hellip;]<\/p>\n","protected":false},"author":2,"featured_media":93385,"comment_status":"open","ping_status":"open","sticky":false,"template":"","format":"standard","meta":{"footnotes":"","_links_to":"","_links_to_target":""},"categories":[1],"tags":[],"class_list":["post-93384","post","type-post","status-publish","format-standard","has-post-thumbnail","hentry","category-geral"],"views":961,"_links":{"self":[{"href":"https:\/\/www.sudoestehoje.com.br\/novoportal\/wp-json\/wp\/v2\/posts\/93384","targetHints":{"allow":["GET"]}}],"collection":[{"href":"https:\/\/www.sudoestehoje.com.br\/novoportal\/wp-json\/wp\/v2\/posts"}],"about":[{"href":"https:\/\/www.sudoestehoje.com.br\/novoportal\/wp-json\/wp\/v2\/types\/post"}],"author":[{"embeddable":true,"href":"https:\/\/www.sudoestehoje.com.br\/novoportal\/wp-json\/wp\/v2\/users\/2"}],"replies":[{"embeddable":true,"href":"https:\/\/www.sudoestehoje.com.br\/novoportal\/wp-json\/wp\/v2\/comments?post=93384"}],"version-history":[{"count":1,"href":"https:\/\/www.sudoestehoje.com.br\/novoportal\/wp-json\/wp\/v2\/posts\/93384\/revisions"}],"predecessor-version":[{"id":93386,"href":"https:\/\/www.sudoestehoje.com.br\/novoportal\/wp-json\/wp\/v2\/posts\/93384\/revisions\/93386"}],"wp:featuredmedia":[{"embeddable":true,"href":"https:\/\/www.sudoestehoje.com.br\/novoportal\/wp-json\/wp\/v2\/media\/93385"}],"wp:attachment":[{"href":"https:\/\/www.sudoestehoje.com.br\/novoportal\/wp-json\/wp\/v2\/media?parent=93384"}],"wp:term":[{"taxonomy":"category","embeddable":true,"href":"https:\/\/www.sudoestehoje.com.br\/novoportal\/wp-json\/wp\/v2\/categories?post=93384"},{"taxonomy":"post_tag","embeddable":true,"href":"https:\/\/www.sudoestehoje.com.br\/novoportal\/wp-json\/wp\/v2\/tags?post=93384"}],"curies":[{"name":"wp","href":"https:\/\/api.w.org\/{rel}","templated":true}]}}