
{"id":93378,"date":"2021-02-26T22:00:46","date_gmt":"2021-02-27T01:00:46","guid":{"rendered":"https:\/\/www.sudoestehoje.com.br\/novoportal\/?p=93378"},"modified":"2021-02-26T22:22:16","modified_gmt":"2021-02-27T01:22:16","slug":"itapetinga-feiras-livres-vao-funcionar-ate-o-meio-dia-neste-final-de-semana","status":"publish","type":"post","link":"https:\/\/www.sudoestehoje.com.br\/novoportal\/2021\/02\/26\/itapetinga-feiras-livres-vao-funcionar-ate-o-meio-dia-neste-final-de-semana\/","title":{"rendered":"ITAPETINGA: FEIRAS-LIVRES V\u00c3O FUNCIONAR AT\u00c9 AO MEIO DIA NESTE FINAL DE SEMANA"},"content":{"rendered":"<p><a href=\"https:\/\/www.sudoestehoje.com.br\/novoportal\/wp-content\/uploads\/2021\/02\/feira-3.jpg\"><img loading=\"lazy\" decoding=\"async\" class=\"aligncenter size-medium wp-image-93380\" src=\"https:\/\/www.sudoestehoje.com.br\/novoportal\/wp-content\/uploads\/2021\/02\/feira-3-500x375.jpg\" alt=\"\" width=\"500\" height=\"375\" srcset=\"https:\/\/www.sudoestehoje.com.br\/novoportal\/wp-content\/uploads\/2021\/02\/feira-3-500x375.jpg 500w, https:\/\/www.sudoestehoje.com.br\/novoportal\/wp-content\/uploads\/2021\/02\/feira-3-700x525.jpg 700w, https:\/\/www.sudoestehoje.com.br\/novoportal\/wp-content\/uploads\/2021\/02\/feira-3-768x576.jpg 768w, https:\/\/www.sudoestehoje.com.br\/novoportal\/wp-content\/uploads\/2021\/02\/feira-3.jpg 960w\" sizes=\"auto, (max-width: 500px) 100vw, 500px\" \/><\/a><\/p>\n<p>De acordo com o decreto governamental que instituiu restri\u00e7\u00f5es para o com\u00e9rcio na Bahia, entre as 17h desta sexta-feira (26), at\u00e9 \u00e0s 5h da manha da pr\u00f3xima segunda-feira (01),\u00a0 as feiras-livres ter\u00e3o tamb\u00e9m hor\u00e1rio especial de funcionamento.<\/p>\n<p>Em Itapetinga, a feira-livre da Central de Abastecimento ir\u00e1 funcionar neste s\u00e1bado, das 5h da manh\u00e3 ao meio dia, o mesmo acontecendo no domingo, nas feiras do Primavera e Nova Itapetinga.<\/p>\n<p>A\u00e7ougues e supermercados funcionar\u00e3o at\u00e9 as 17h, enquanto restaurantes e lanchonetes s\u00f3 por delivery.<\/p>\n<p><strong><em>Reda\u00e7\u00e3o SH<\/em><\/strong><\/p>\n","protected":false},"excerpt":{"rendered":"<p>De acordo com o decreto governamental que instituiu restri\u00e7\u00f5es para o com\u00e9rcio na Bahia, entre as 17h desta sexta-feira (26), at\u00e9 \u00e0s 5h da manha da pr\u00f3xima segunda-feira (01),\u00a0 as feiras-livres ter\u00e3o tamb\u00e9m hor\u00e1rio especial de funcionamento. Em Itapetinga, a feira-livre da Central de Abastecimento ir\u00e1 funcionar neste s\u00e1bado, das 5h da manh\u00e3 ao meio [&hellip;]<\/p>\n","protected":false},"author":2,"featured_media":93380,"comment_status":"open","ping_status":"open","sticky":false,"template":"","format":"standard","meta":{"footnotes":"","_links_to":"","_links_to_target":""},"categories":[1],"tags":[],"class_list":["post-93378","post","type-post","status-publish","format-standard","has-post-thumbnail","hentry","category-geral"],"views":1186,"_links":{"self":[{"href":"https:\/\/www.sudoestehoje.com.br\/novoportal\/wp-json\/wp\/v2\/posts\/93378","targetHints":{"allow":["GET"]}}],"collection":[{"href":"https:\/\/www.sudoestehoje.com.br\/novoportal\/wp-json\/wp\/v2\/posts"}],"about":[{"href":"https:\/\/www.sudoestehoje.com.br\/novoportal\/wp-json\/wp\/v2\/types\/post"}],"author":[{"embeddable":true,"href":"https:\/\/www.sudoestehoje.com.br\/novoportal\/wp-json\/wp\/v2\/users\/2"}],"replies":[{"embeddable":true,"href":"https:\/\/www.sudoestehoje.com.br\/novoportal\/wp-json\/wp\/v2\/comments?post=93378"}],"version-history":[{"count":4,"href":"https:\/\/www.sudoestehoje.com.br\/novoportal\/wp-json\/wp\/v2\/posts\/93378\/revisions"}],"predecessor-version":[{"id":93383,"href":"https:\/\/www.sudoestehoje.com.br\/novoportal\/wp-json\/wp\/v2\/posts\/93378\/revisions\/93383"}],"wp:featuredmedia":[{"embeddable":true,"href":"https:\/\/www.sudoestehoje.com.br\/novoportal\/wp-json\/wp\/v2\/media\/93380"}],"wp:attachment":[{"href":"https:\/\/www.sudoestehoje.com.br\/novoportal\/wp-json\/wp\/v2\/media?parent=93378"}],"wp:term":[{"taxonomy":"category","embeddable":true,"href":"https:\/\/www.sudoestehoje.com.br\/novoportal\/wp-json\/wp\/v2\/categories?post=93378"},{"taxonomy":"post_tag","embeddable":true,"href":"https:\/\/www.sudoestehoje.com.br\/novoportal\/wp-json\/wp\/v2\/tags?post=93378"}],"curies":[{"name":"wp","href":"https:\/\/api.w.org\/{rel}","templated":true}]}}