
{"id":93355,"date":"2021-02-25T14:16:09","date_gmt":"2021-02-25T17:16:09","guid":{"rendered":"https:\/\/www.sudoestehoje.com.br\/novoportal\/?p=93355"},"modified":"2021-02-25T14:16:09","modified_gmt":"2021-02-25T17:16:09","slug":"itapetinga-esta-incluida-no-lockdown-decretado-pelo-governador-da-bahia","status":"publish","type":"post","link":"https:\/\/www.sudoestehoje.com.br\/novoportal\/2021\/02\/25\/itapetinga-esta-incluida-no-lockdown-decretado-pelo-governador-da-bahia\/","title":{"rendered":"ITAPETINGA EST\u00c1 INCLU\u00cdDA NO LOCKDOWN DECRETADO PELO GOVERNADOR DA BAHIA"},"content":{"rendered":"<p><a href=\"https:\/\/www.sudoestehoje.com.br\/novoportal\/wp-content\/uploads\/2021\/02\/ITAPETINGA-CENTRO.jpg\"><img loading=\"lazy\" decoding=\"async\" class=\"aligncenter size-full wp-image-93356\" src=\"https:\/\/www.sudoestehoje.com.br\/novoportal\/wp-content\/uploads\/2021\/02\/ITAPETINGA-CENTRO.jpg\" alt=\"\" width=\"457\" height=\"343\" \/><\/a><\/p>\n<p>Assim como as demais cidades da Bahia, Itapetinga tamb\u00e9m est\u00e1 inclu\u00edda no decreto do governador Rui Costa, que estabeleceu LOCKDOWN no territ\u00f3rio baiano, na tentativa de conter o avan\u00e7o da Covid-19 e suas variantes.<\/p>\n<p>Inicialmente, o pr\u00f3prio Rui tinha sinalizado que a medida atingiria as 381 cidades j\u00e1 listadas no decreto de toque de recolher, mas acabou incluindo todas as cidades do Estado.<\/p>\n<p>O fechamento das atividades n\u00e3o essenciais come\u00e7ar\u00e1 a partir das 20h desta sexta-feira (26) e ir\u00e1 at\u00e9 as 5h da pr\u00f3xima segunda (1\u00ba).<\/p>\n<p><strong><em>Reda\u00e7\u00e3o<\/em><\/strong><\/p>\n","protected":false},"excerpt":{"rendered":"<p>Assim como as demais cidades da Bahia, Itapetinga tamb\u00e9m est\u00e1 inclu\u00edda no decreto do governador Rui Costa, que estabeleceu LOCKDOWN no territ\u00f3rio baiano, na tentativa de conter o avan\u00e7o da Covid-19 e suas variantes. Inicialmente, o pr\u00f3prio Rui tinha sinalizado que a medida atingiria as 381 cidades j\u00e1 listadas no decreto de toque de recolher, [&hellip;]<\/p>\n","protected":false},"author":2,"featured_media":93356,"comment_status":"open","ping_status":"open","sticky":false,"template":"","format":"standard","meta":{"footnotes":"","_links_to":"","_links_to_target":""},"categories":[1],"tags":[],"class_list":["post-93355","post","type-post","status-publish","format-standard","has-post-thumbnail","hentry","category-geral"],"views":2573,"_links":{"self":[{"href":"https:\/\/www.sudoestehoje.com.br\/novoportal\/wp-json\/wp\/v2\/posts\/93355","targetHints":{"allow":["GET"]}}],"collection":[{"href":"https:\/\/www.sudoestehoje.com.br\/novoportal\/wp-json\/wp\/v2\/posts"}],"about":[{"href":"https:\/\/www.sudoestehoje.com.br\/novoportal\/wp-json\/wp\/v2\/types\/post"}],"author":[{"embeddable":true,"href":"https:\/\/www.sudoestehoje.com.br\/novoportal\/wp-json\/wp\/v2\/users\/2"}],"replies":[{"embeddable":true,"href":"https:\/\/www.sudoestehoje.com.br\/novoportal\/wp-json\/wp\/v2\/comments?post=93355"}],"version-history":[{"count":1,"href":"https:\/\/www.sudoestehoje.com.br\/novoportal\/wp-json\/wp\/v2\/posts\/93355\/revisions"}],"predecessor-version":[{"id":93357,"href":"https:\/\/www.sudoestehoje.com.br\/novoportal\/wp-json\/wp\/v2\/posts\/93355\/revisions\/93357"}],"wp:featuredmedia":[{"embeddable":true,"href":"https:\/\/www.sudoestehoje.com.br\/novoportal\/wp-json\/wp\/v2\/media\/93356"}],"wp:attachment":[{"href":"https:\/\/www.sudoestehoje.com.br\/novoportal\/wp-json\/wp\/v2\/media?parent=93355"}],"wp:term":[{"taxonomy":"category","embeddable":true,"href":"https:\/\/www.sudoestehoje.com.br\/novoportal\/wp-json\/wp\/v2\/categories?post=93355"},{"taxonomy":"post_tag","embeddable":true,"href":"https:\/\/www.sudoestehoje.com.br\/novoportal\/wp-json\/wp\/v2\/tags?post=93355"}],"curies":[{"name":"wp","href":"https:\/\/api.w.org\/{rel}","templated":true}]}}