
{"id":93349,"date":"2021-02-25T13:02:57","date_gmt":"2021-02-25T16:02:57","guid":{"rendered":"https:\/\/www.sudoestehoje.com.br\/novoportal\/?p=93349"},"modified":"2021-02-25T14:04:40","modified_gmt":"2021-02-25T17:04:40","slug":"rui-costa-decreta-lockdown-em-381-cidades-da-bahia-durante-final-de-semana","status":"publish","type":"post","link":"https:\/\/www.sudoestehoje.com.br\/novoportal\/2021\/02\/25\/rui-costa-decreta-lockdown-em-381-cidades-da-bahia-durante-final-de-semana\/","title":{"rendered":"RUI COSTA DECRETA LOCKDOWN EM TODAS AS CIDADES DA BAHIA DURANTE FINAL DE SEMANA"},"content":{"rendered":"<p><a href=\"https:\/\/www.sudoestehoje.com.br\/novoportal\/wp-content\/uploads\/2021\/02\/rui-costa-1000x530-1.jpg\"><img loading=\"lazy\" decoding=\"async\" class=\"aligncenter size-medium wp-image-93350\" src=\"https:\/\/www.sudoestehoje.com.br\/novoportal\/wp-content\/uploads\/2021\/02\/rui-costa-1000x530-1-500x265.jpg\" alt=\"\" width=\"500\" height=\"265\" srcset=\"https:\/\/www.sudoestehoje.com.br\/novoportal\/wp-content\/uploads\/2021\/02\/rui-costa-1000x530-1-500x265.jpg 500w, https:\/\/www.sudoestehoje.com.br\/novoportal\/wp-content\/uploads\/2021\/02\/rui-costa-1000x530-1-700x371.jpg 700w, https:\/\/www.sudoestehoje.com.br\/novoportal\/wp-content\/uploads\/2021\/02\/rui-costa-1000x530-1-768x407.jpg 768w, https:\/\/www.sudoestehoje.com.br\/novoportal\/wp-content\/uploads\/2021\/02\/rui-costa-1000x530-1.jpg 1000w\" sizes=\"auto, (max-width: 500px) 100vw, 500px\" \/><\/a><\/p>\n<p>O governador Rui Costa anunciou nesta quinta-feira (25) que vai decretar &#8220;lockdown&#8221; no fim de semana em todo o territ\u00f3rio baiano, como forma de diminuir a transmiss\u00e3o do novo coronav\u00edrus no estado. Inicialmente, o pr\u00f3prio Rui tinha sinalizado que a medida atingiria as 381 cidades j\u00e1 listadas no decreto de toque de recolher. O fechamento das atividades n\u00e3o essenciais come\u00e7ar\u00e1 a partir das 20h desta sexta-feira (26) e ir\u00e1 at\u00e9 as 5h da pr\u00f3xima segunda (1\u00ba).<\/p>\n<p>Estas cidades atingidas pela medida s\u00e3o aquelas que j\u00e1 est\u00e3o com toque de recolher das 20h \u00e0s 5h. As restri\u00e7\u00f5es come\u00e7ar\u00e3o de forma escalonada na sexta. \u00c0s 17h, dever\u00e1 ser fechado ao com\u00e9rcio de rua; \u00e0s 18h, bares e restaurantes; e \u00e0s 20h os shoppings. Segundo Rui Costa, esta divis\u00e3o foi feita como forma de evitar sobrecarga no transporte p\u00fablico, o que geraria aglomera\u00e7\u00f5es.<\/p>\n<p>S\u00f3 estar\u00e3o autorizados a funcionar servi\u00e7os essenciais, como farm\u00e1cias e atendimento de sa\u00fade e supermercados. A venda de bebidas ser\u00e1 proibida, at\u00e9 dentro dos supermercados.<\/p>\n<p>Ao justificar a medida, o prefeito de Salvador, Bruno Reis, falou sobre a gravidade da situa\u00e7\u00e3o sanit\u00e1ria na cidade. De acordo com ele, nesta quarta (24), foi regulado o maior n\u00famero de pacientes para unidades de sa\u00fade desde o in\u00edcio da pandemia. &#8220;Regulamos, nas \u00faltimas 24h, 66 pacientes e tem 67 em espera, aguardando a vac\u00e2ncia de leitos. S\u00e3o 133. No auge da 1\u00aa onda, chegamos entre regulados e a regular a 64&#8221;, explicou.<\/p>\n","protected":false},"excerpt":{"rendered":"<p>O governador Rui Costa anunciou nesta quinta-feira (25) que vai decretar &#8220;lockdown&#8221; no fim de semana em todo o territ\u00f3rio baiano, como forma de diminuir a transmiss\u00e3o do novo coronav\u00edrus no estado. Inicialmente, o pr\u00f3prio Rui tinha sinalizado que a medida atingiria as 381 cidades j\u00e1 listadas no decreto de toque de recolher. O fechamento [&hellip;]<\/p>\n","protected":false},"author":2,"featured_media":93350,"comment_status":"open","ping_status":"open","sticky":false,"template":"","format":"standard","meta":{"footnotes":"","_links_to":"","_links_to_target":""},"categories":[1],"tags":[],"class_list":["post-93349","post","type-post","status-publish","format-standard","has-post-thumbnail","hentry","category-geral"],"views":1222,"_links":{"self":[{"href":"https:\/\/www.sudoestehoje.com.br\/novoportal\/wp-json\/wp\/v2\/posts\/93349","targetHints":{"allow":["GET"]}}],"collection":[{"href":"https:\/\/www.sudoestehoje.com.br\/novoportal\/wp-json\/wp\/v2\/posts"}],"about":[{"href":"https:\/\/www.sudoestehoje.com.br\/novoportal\/wp-json\/wp\/v2\/types\/post"}],"author":[{"embeddable":true,"href":"https:\/\/www.sudoestehoje.com.br\/novoportal\/wp-json\/wp\/v2\/users\/2"}],"replies":[{"embeddable":true,"href":"https:\/\/www.sudoestehoje.com.br\/novoportal\/wp-json\/wp\/v2\/comments?post=93349"}],"version-history":[{"count":2,"href":"https:\/\/www.sudoestehoje.com.br\/novoportal\/wp-json\/wp\/v2\/posts\/93349\/revisions"}],"predecessor-version":[{"id":93354,"href":"https:\/\/www.sudoestehoje.com.br\/novoportal\/wp-json\/wp\/v2\/posts\/93349\/revisions\/93354"}],"wp:featuredmedia":[{"embeddable":true,"href":"https:\/\/www.sudoestehoje.com.br\/novoportal\/wp-json\/wp\/v2\/media\/93350"}],"wp:attachment":[{"href":"https:\/\/www.sudoestehoje.com.br\/novoportal\/wp-json\/wp\/v2\/media?parent=93349"}],"wp:term":[{"taxonomy":"category","embeddable":true,"href":"https:\/\/www.sudoestehoje.com.br\/novoportal\/wp-json\/wp\/v2\/categories?post=93349"},{"taxonomy":"post_tag","embeddable":true,"href":"https:\/\/www.sudoestehoje.com.br\/novoportal\/wp-json\/wp\/v2\/tags?post=93349"}],"curies":[{"name":"wp","href":"https:\/\/api.w.org\/{rel}","templated":true}]}}