
{"id":93344,"date":"2021-02-25T12:13:29","date_gmt":"2021-02-25T15:13:29","guid":{"rendered":"https:\/\/www.sudoestehoje.com.br\/novoportal\/?p=93344"},"modified":"2021-02-25T12:14:29","modified_gmt":"2021-02-25T15:14:29","slug":"prefeito-bruno-reis-decreta-lockdown-em-salvador-rui-costa-deve-adotar-medida-em-90-das-cidades-baianas","status":"publish","type":"post","link":"https:\/\/www.sudoestehoje.com.br\/novoportal\/2021\/02\/25\/prefeito-bruno-reis-decreta-lockdown-em-salvador-rui-costa-deve-adotar-medida-em-90-das-cidades-baianas\/","title":{"rendered":"PREFEITO BRUNO REIS DECRETA LOCKDOWN EM SALVADOR; RUI COSTA DEVE ADOTAR MEDIDA EM 90% DAS CIDADES BAIANAS"},"content":{"rendered":"<p><a href=\"https:\/\/www.sudoestehoje.com.br\/novoportal\/wp-content\/uploads\/2021\/02\/rua2-1-820x394-1.jpg\"><img loading=\"lazy\" decoding=\"async\" class=\"aligncenter size-medium wp-image-93345\" src=\"https:\/\/www.sudoestehoje.com.br\/novoportal\/wp-content\/uploads\/2021\/02\/rua2-1-820x394-1-500x240.jpg\" alt=\"\" width=\"500\" height=\"240\" srcset=\"https:\/\/www.sudoestehoje.com.br\/novoportal\/wp-content\/uploads\/2021\/02\/rua2-1-820x394-1-500x240.jpg 500w, https:\/\/www.sudoestehoje.com.br\/novoportal\/wp-content\/uploads\/2021\/02\/rua2-1-820x394-1-700x336.jpg 700w, https:\/\/www.sudoestehoje.com.br\/novoportal\/wp-content\/uploads\/2021\/02\/rua2-1-820x394-1-768x369.jpg 768w, https:\/\/www.sudoestehoje.com.br\/novoportal\/wp-content\/uploads\/2021\/02\/rua2-1-820x394-1.jpg 820w\" sizes=\"auto, (max-width: 500px) 100vw, 500px\" \/><\/a><\/p>\n<p>Ap\u00f3s o aumento de casos de Covid-19 e prestes a colapsar o sistema de sa\u00fade do estado e da capital, Bruno Reis, prefeito de Salvador decidiu, em conjunto com entidades empresariais e com o governador Rui Costa aderir ao fechamento total das atividades em Salvador e regi\u00e3o metropolitana.<\/p>\n<p>As medidas entram em vigor \u00e0s 17h de sexta-feira (25) e valem at\u00e9 \u00e0s 05h da manh\u00e3 de segunda.<\/p>\n<p>Amanh\u00e3 em coletiva conjunta com Rui Costa dever\u00e3o ser anunciadas mais detalhes e tamb\u00e9m o lockdown de 90% das cidades baianas que encontram -se com ocupa\u00e7\u00e3o m\u00e1xima dos leitos de UTI.<\/p>\n","protected":false},"excerpt":{"rendered":"<p>Ap\u00f3s o aumento de casos de Covid-19 e prestes a colapsar o sistema de sa\u00fade do estado e da capital, Bruno Reis, prefeito de Salvador decidiu, em conjunto com entidades empresariais e com o governador Rui Costa aderir ao fechamento total das atividades em Salvador e regi\u00e3o metropolitana. As medidas entram em vigor \u00e0s 17h [&hellip;]<\/p>\n","protected":false},"author":2,"featured_media":93345,"comment_status":"open","ping_status":"open","sticky":false,"template":"","format":"standard","meta":{"footnotes":"","_links_to":"","_links_to_target":""},"categories":[1],"tags":[],"class_list":["post-93344","post","type-post","status-publish","format-standard","has-post-thumbnail","hentry","category-geral"],"views":1230,"_links":{"self":[{"href":"https:\/\/www.sudoestehoje.com.br\/novoportal\/wp-json\/wp\/v2\/posts\/93344","targetHints":{"allow":["GET"]}}],"collection":[{"href":"https:\/\/www.sudoestehoje.com.br\/novoportal\/wp-json\/wp\/v2\/posts"}],"about":[{"href":"https:\/\/www.sudoestehoje.com.br\/novoportal\/wp-json\/wp\/v2\/types\/post"}],"author":[{"embeddable":true,"href":"https:\/\/www.sudoestehoje.com.br\/novoportal\/wp-json\/wp\/v2\/users\/2"}],"replies":[{"embeddable":true,"href":"https:\/\/www.sudoestehoje.com.br\/novoportal\/wp-json\/wp\/v2\/comments?post=93344"}],"version-history":[{"count":2,"href":"https:\/\/www.sudoestehoje.com.br\/novoportal\/wp-json\/wp\/v2\/posts\/93344\/revisions"}],"predecessor-version":[{"id":93347,"href":"https:\/\/www.sudoestehoje.com.br\/novoportal\/wp-json\/wp\/v2\/posts\/93344\/revisions\/93347"}],"wp:featuredmedia":[{"embeddable":true,"href":"https:\/\/www.sudoestehoje.com.br\/novoportal\/wp-json\/wp\/v2\/media\/93345"}],"wp:attachment":[{"href":"https:\/\/www.sudoestehoje.com.br\/novoportal\/wp-json\/wp\/v2\/media?parent=93344"}],"wp:term":[{"taxonomy":"category","embeddable":true,"href":"https:\/\/www.sudoestehoje.com.br\/novoportal\/wp-json\/wp\/v2\/categories?post=93344"},{"taxonomy":"post_tag","embeddable":true,"href":"https:\/\/www.sudoestehoje.com.br\/novoportal\/wp-json\/wp\/v2\/tags?post=93344"}],"curies":[{"name":"wp","href":"https:\/\/api.w.org\/{rel}","templated":true}]}}