
{"id":93341,"date":"2021-02-25T11:09:57","date_gmt":"2021-02-25T14:09:57","guid":{"rendered":"https:\/\/www.sudoestehoje.com.br\/novoportal\/?p=93341"},"modified":"2021-02-25T11:09:57","modified_gmt":"2021-02-25T14:09:57","slug":"ensino-medio-da-bahia-fica-em-ultimo-lugar-em-avaliacao-do-mec","status":"publish","type":"post","link":"https:\/\/www.sudoestehoje.com.br\/novoportal\/2021\/02\/25\/ensino-medio-da-bahia-fica-em-ultimo-lugar-em-avaliacao-do-mec\/","title":{"rendered":"ENSINO M\u00c9DIO DA BAHIA FICA EM \u00daLTIMO LUGAR EM AVALIA\u00c7\u00c3O DO MEC"},"content":{"rendered":"<p><a href=\"https:\/\/www.sudoestehoje.com.br\/novoportal\/wp-content\/uploads\/2021\/02\/ENSINO-MEDIO.jpg\"><img loading=\"lazy\" decoding=\"async\" class=\"aligncenter size-medium wp-image-93342\" src=\"https:\/\/www.sudoestehoje.com.br\/novoportal\/wp-content\/uploads\/2021\/02\/ENSINO-MEDIO-500x278.jpg\" alt=\"\" width=\"500\" height=\"278\" srcset=\"https:\/\/www.sudoestehoje.com.br\/novoportal\/wp-content\/uploads\/2021\/02\/ENSINO-MEDIO-500x278.jpg 500w, https:\/\/www.sudoestehoje.com.br\/novoportal\/wp-content\/uploads\/2021\/02\/ENSINO-MEDIO-700x389.jpg 700w, https:\/\/www.sudoestehoje.com.br\/novoportal\/wp-content\/uploads\/2021\/02\/ENSINO-MEDIO-768x427.jpg 768w, https:\/\/www.sudoestehoje.com.br\/novoportal\/wp-content\/uploads\/2021\/02\/ENSINO-MEDIO.jpg 900w\" sizes=\"auto, (max-width: 500px) 100vw, 500px\" \/><\/a><\/p>\n<p>O ensino m\u00e9dio da Bahia ficou em \u00faltimo lugar, no pa\u00eds, no \u00cdndice de Desenvolvimento da Educa\u00e7\u00e3o B\u00e1sica (Ideb) referente ao ano passado, segundo informa\u00e7\u00f5es divulgadas nesta segunda-feira (3) pelo Minist\u00e9rio da Educa\u00e7\u00e3o (MEC).<\/p>\n<div class=\"mc-column content-text active-extra-styles \" data-block-type=\"unstyled\" data-block-weight=\"56\" data-block-id=\"4\">\n<p class=\"content-text__container \" data-track-category=\"Link no Texto\" data-track-links=\"\">O Ideb \u00e9 uma iniciativa do Instituto Nacional de Estudos e Pesquisas Educacionais An\u00edsio Teixeira (Inep) para mensurar o desempenho do sistema educacional brasileiro, a partir da combina\u00e7\u00e3o entre a profici\u00eancia obtida pelos estudantes em avalia\u00e7\u00f5es externas de larga escala (Saeb) e a taxa de aprova\u00e7\u00e3o &#8211; indicador que tem influ\u00eancia na efici\u00eancia do fluxo escolar.<\/p>\n<\/div>\n<div class=\"mc-column content-text active-extra-styles \" data-block-type=\"unstyled\" data-block-weight=\"49\" data-block-id=\"5\">\n<p class=\"content-text__container \" data-track-category=\"Link no Texto\" data-track-links=\"\">De acordo com os dados, a Bahia ficou com 3,0 pontos no ensino m\u00e9dio &#8211; 1,3 abaixo da meta para o ano, que era de 4,3. Al\u00e9m disso, a nota foi um d\u00e9cimo menor que a do \u00faltimo levantamento, feito em 2015, quando o estado ficou com 3,1 pontos.<\/p>\n<\/div>\n","protected":false},"excerpt":{"rendered":"<p>O ensino m\u00e9dio da Bahia ficou em \u00faltimo lugar, no pa\u00eds, no \u00cdndice de Desenvolvimento da Educa\u00e7\u00e3o B\u00e1sica (Ideb) referente ao ano passado, segundo informa\u00e7\u00f5es divulgadas nesta segunda-feira (3) pelo Minist\u00e9rio da Educa\u00e7\u00e3o (MEC). O Ideb \u00e9 uma iniciativa do Instituto Nacional de Estudos e Pesquisas Educacionais An\u00edsio Teixeira (Inep) para mensurar o desempenho do [&hellip;]<\/p>\n","protected":false},"author":2,"featured_media":93342,"comment_status":"open","ping_status":"open","sticky":false,"template":"","format":"standard","meta":{"footnotes":"","_links_to":"","_links_to_target":""},"categories":[1],"tags":[],"class_list":["post-93341","post","type-post","status-publish","format-standard","has-post-thumbnail","hentry","category-geral"],"views":1215,"_links":{"self":[{"href":"https:\/\/www.sudoestehoje.com.br\/novoportal\/wp-json\/wp\/v2\/posts\/93341","targetHints":{"allow":["GET"]}}],"collection":[{"href":"https:\/\/www.sudoestehoje.com.br\/novoportal\/wp-json\/wp\/v2\/posts"}],"about":[{"href":"https:\/\/www.sudoestehoje.com.br\/novoportal\/wp-json\/wp\/v2\/types\/post"}],"author":[{"embeddable":true,"href":"https:\/\/www.sudoestehoje.com.br\/novoportal\/wp-json\/wp\/v2\/users\/2"}],"replies":[{"embeddable":true,"href":"https:\/\/www.sudoestehoje.com.br\/novoportal\/wp-json\/wp\/v2\/comments?post=93341"}],"version-history":[{"count":1,"href":"https:\/\/www.sudoestehoje.com.br\/novoportal\/wp-json\/wp\/v2\/posts\/93341\/revisions"}],"predecessor-version":[{"id":93343,"href":"https:\/\/www.sudoestehoje.com.br\/novoportal\/wp-json\/wp\/v2\/posts\/93341\/revisions\/93343"}],"wp:featuredmedia":[{"embeddable":true,"href":"https:\/\/www.sudoestehoje.com.br\/novoportal\/wp-json\/wp\/v2\/media\/93342"}],"wp:attachment":[{"href":"https:\/\/www.sudoestehoje.com.br\/novoportal\/wp-json\/wp\/v2\/media?parent=93341"}],"wp:term":[{"taxonomy":"category","embeddable":true,"href":"https:\/\/www.sudoestehoje.com.br\/novoportal\/wp-json\/wp\/v2\/categories?post=93341"},{"taxonomy":"post_tag","embeddable":true,"href":"https:\/\/www.sudoestehoje.com.br\/novoportal\/wp-json\/wp\/v2\/tags?post=93341"}],"curies":[{"name":"wp","href":"https:\/\/api.w.org\/{rel}","templated":true}]}}