
{"id":93334,"date":"2021-02-24T20:52:49","date_gmt":"2021-02-24T23:52:49","guid":{"rendered":"https:\/\/www.sudoestehoje.com.br\/novoportal\/?p=93334"},"modified":"2021-02-24T20:52:49","modified_gmt":"2021-02-24T23:52:49","slug":"guanambi-anuncia-lockdown-de-10-dias-a-partir-da-proxima-segunda-feira","status":"publish","type":"post","link":"https:\/\/www.sudoestehoje.com.br\/novoportal\/2021\/02\/24\/guanambi-anuncia-lockdown-de-10-dias-a-partir-da-proxima-segunda-feira\/","title":{"rendered":"GUANAMBI ANUNCIA LOCKDOWN DE 10 DIAS A PARTIR DA PR\u00d3XIMA SEGUNDA-FEIRA"},"content":{"rendered":"<p><a href=\"https:\/\/www.sudoestehoje.com.br\/novoportal\/wp-content\/uploads\/2021\/02\/guanambi-ba.jpg\"><img loading=\"lazy\" decoding=\"async\" class=\"aligncenter size-medium wp-image-93336\" src=\"https:\/\/www.sudoestehoje.com.br\/novoportal\/wp-content\/uploads\/2021\/02\/guanambi-ba-500x297.jpg\" alt=\"\" width=\"500\" height=\"297\" srcset=\"https:\/\/www.sudoestehoje.com.br\/novoportal\/wp-content\/uploads\/2021\/02\/guanambi-ba-500x297.jpg 500w, https:\/\/www.sudoestehoje.com.br\/novoportal\/wp-content\/uploads\/2021\/02\/guanambi-ba-700x416.jpg 700w, https:\/\/www.sudoestehoje.com.br\/novoportal\/wp-content\/uploads\/2021\/02\/guanambi-ba-768x456.jpg 768w, https:\/\/www.sudoestehoje.com.br\/novoportal\/wp-content\/uploads\/2021\/02\/guanambi-ba.jpg 800w\" sizes=\"auto, (max-width: 500px) 100vw, 500px\" \/><\/a><\/p>\n<p>A gest\u00e3o municipal da cidade de Guanambi, no Sert\u00e3o Produtivo, anunciou o fechamento total das atividades a partir da pr\u00f3xima segunda-feira (1\u00ba). A \u00a0medida visa frear o avan\u00e7o das contamina\u00e7\u00f5es pelo novo coronav\u00edrus na cidade. O lockdown ter\u00e1 validade de dez dias e pode ser prorrogado caso n\u00e3o haja recuo da curva de cont\u00e1gio.<\/p>\n<p>De acordo com a secret\u00e1ria de Sa\u00fade Roberta Mota, que fez o an\u00fancio na noite desta quarta-feira (24), a decis\u00e3o\u00a0 ser\u00e1 publicada no pr\u00f3ximo di\u00e1rio oficial. &#8220;N\u00e3o estamos fora de um contexto, quem tem acompanhado as informa\u00e7\u00f5es da Bahia e do Brasil percebe que este n\u00e3o \u00e9 o cen\u00e1rio apenas de Guanambi. Este \u00e9 um cen\u00e1rio que precede o colapso do sistema de sa\u00fade&#8221;, disse.<\/p>\n<p>Ainda de acordo com a gestora, nas \u00faltimas semanas a cidade tem tido o que ela chamou de &#8220;uma piora expressiva no aumento do n\u00famero de casos&#8221;, principalmente nos \u00faltimos dez dias. Na cidade, 3.595 pessoas testaram positivo para a doen\u00e7a desde o in\u00edcio da pandemia. Deste total, 3.432 s\u00e3o considerados curados e 23 \u00f3bitos foram registrados.<\/p>\n","protected":false},"excerpt":{"rendered":"<p>A gest\u00e3o municipal da cidade de Guanambi, no Sert\u00e3o Produtivo, anunciou o fechamento total das atividades a partir da pr\u00f3xima segunda-feira (1\u00ba). A \u00a0medida visa frear o avan\u00e7o das contamina\u00e7\u00f5es pelo novo coronav\u00edrus na cidade. O lockdown ter\u00e1 validade de dez dias e pode ser prorrogado caso n\u00e3o haja recuo da curva de cont\u00e1gio. De [&hellip;]<\/p>\n","protected":false},"author":2,"featured_media":93336,"comment_status":"open","ping_status":"open","sticky":false,"template":"","format":"standard","meta":{"footnotes":"","_links_to":"","_links_to_target":""},"categories":[1],"tags":[],"class_list":["post-93334","post","type-post","status-publish","format-standard","has-post-thumbnail","hentry","category-geral"],"views":1607,"_links":{"self":[{"href":"https:\/\/www.sudoestehoje.com.br\/novoportal\/wp-json\/wp\/v2\/posts\/93334","targetHints":{"allow":["GET"]}}],"collection":[{"href":"https:\/\/www.sudoestehoje.com.br\/novoportal\/wp-json\/wp\/v2\/posts"}],"about":[{"href":"https:\/\/www.sudoestehoje.com.br\/novoportal\/wp-json\/wp\/v2\/types\/post"}],"author":[{"embeddable":true,"href":"https:\/\/www.sudoestehoje.com.br\/novoportal\/wp-json\/wp\/v2\/users\/2"}],"replies":[{"embeddable":true,"href":"https:\/\/www.sudoestehoje.com.br\/novoportal\/wp-json\/wp\/v2\/comments?post=93334"}],"version-history":[{"count":2,"href":"https:\/\/www.sudoestehoje.com.br\/novoportal\/wp-json\/wp\/v2\/posts\/93334\/revisions"}],"predecessor-version":[{"id":93337,"href":"https:\/\/www.sudoestehoje.com.br\/novoportal\/wp-json\/wp\/v2\/posts\/93334\/revisions\/93337"}],"wp:featuredmedia":[{"embeddable":true,"href":"https:\/\/www.sudoestehoje.com.br\/novoportal\/wp-json\/wp\/v2\/media\/93336"}],"wp:attachment":[{"href":"https:\/\/www.sudoestehoje.com.br\/novoportal\/wp-json\/wp\/v2\/media?parent=93334"}],"wp:term":[{"taxonomy":"category","embeddable":true,"href":"https:\/\/www.sudoestehoje.com.br\/novoportal\/wp-json\/wp\/v2\/categories?post=93334"},{"taxonomy":"post_tag","embeddable":true,"href":"https:\/\/www.sudoestehoje.com.br\/novoportal\/wp-json\/wp\/v2\/tags?post=93334"}],"curies":[{"name":"wp","href":"https:\/\/api.w.org\/{rel}","templated":true}]}}