
{"id":93321,"date":"2021-02-23T20:26:04","date_gmt":"2021-02-23T23:26:04","guid":{"rendered":"https:\/\/www.sudoestehoje.com.br\/novoportal\/?p=93321"},"modified":"2021-02-24T00:04:55","modified_gmt":"2021-02-24T03:04:55","slug":"governo-da-bahia-anuncia-volta-as-aulas-100-remotas-a-partir-de-15-de-marco","status":"publish","type":"post","link":"https:\/\/www.sudoestehoje.com.br\/novoportal\/2021\/02\/23\/governo-da-bahia-anuncia-volta-as-aulas-100-remotas-a-partir-de-15-de-marco\/","title":{"rendered":"GOVERNO DA BAHIA ANUNCIA VOLTA \u00c0S AULAS 100% REMOTAS A PARTIR DE 15 DE MAR\u00c7O"},"content":{"rendered":"<p><a href=\"https:\/\/www.sudoestehoje.com.br\/novoportal\/wp-content\/uploads\/2021\/02\/fasesdoano.png\"><img loading=\"lazy\" decoding=\"async\" class=\"aligncenter size-medium wp-image-93330\" src=\"https:\/\/www.sudoestehoje.com.br\/novoportal\/wp-content\/uploads\/2021\/02\/fasesdoano-500x275.png\" alt=\"\" width=\"500\" height=\"275\" srcset=\"https:\/\/www.sudoestehoje.com.br\/novoportal\/wp-content\/uploads\/2021\/02\/fasesdoano-500x275.png 500w, https:\/\/www.sudoestehoje.com.br\/novoportal\/wp-content\/uploads\/2021\/02\/fasesdoano.png 633w\" sizes=\"auto, (max-width: 500px) 100vw, 500px\" \/><\/a><\/p>\n<p>O governador da Bahia, Rui Costa (PT), e o secret\u00e1rio de Sa\u00fade do Estado, Jer\u00f4nimo Rodrigues, anunciaram o retorno das aulas do ano letivo 2020\/2021 para a rede estadual de educa\u00e7\u00e3o. O plano prev\u00ea tr\u00eas fases. O retorno remoto acontece no dia 15 de mar\u00e7o. Ao todo, ser\u00e3o aplicadas 1500 horas de aula entre os meses de mar\u00e7o e dezembro.<\/p>\n<p>&#8220;Vamos iniciar de forma n\u00e3o presencial, mas vamos iniciar o ano letivo em todas as escolas da rede estadual. Assim que as condi\u00e7\u00f5es sanit\u00e1rias permitirem, vamos migrar gradualmente para o ensino presencial&#8221;, declarou, no programa &#8220;Papo Correria&#8221;, transmitido nas redes sociais nesta ter\u00e7a-feira (29).<\/p>\n<p>A partir do dia 1\u00ba de mar\u00e7o, os professores ser\u00e3o convocados para participar da fase de planejamento. No dia 15 de mar\u00e7o, ser\u00e3o iniciadas as atividades remotas. &#8220;N\u00e3o aceitaremos aglomera\u00e7\u00e3o nas escolas e daremos estrutura aos estudantes, caso n\u00e3o tenham internet&#8221;, disse Jer\u00f4nimo.<\/p>\n","protected":false},"excerpt":{"rendered":"<p>O governador da Bahia, Rui Costa (PT), e o secret\u00e1rio de Sa\u00fade do Estado, Jer\u00f4nimo Rodrigues, anunciaram o retorno das aulas do ano letivo 2020\/2021 para a rede estadual de educa\u00e7\u00e3o. O plano prev\u00ea tr\u00eas fases. O retorno remoto acontece no dia 15 de mar\u00e7o. Ao todo, ser\u00e3o aplicadas 1500 horas de aula entre os [&hellip;]<\/p>\n","protected":false},"author":2,"featured_media":93324,"comment_status":"open","ping_status":"open","sticky":false,"template":"","format":"standard","meta":{"footnotes":"","_links_to":"","_links_to_target":""},"categories":[1],"tags":[],"class_list":["post-93321","post","type-post","status-publish","format-standard","has-post-thumbnail","hentry","category-geral"],"views":1267,"_links":{"self":[{"href":"https:\/\/www.sudoestehoje.com.br\/novoportal\/wp-json\/wp\/v2\/posts\/93321","targetHints":{"allow":["GET"]}}],"collection":[{"href":"https:\/\/www.sudoestehoje.com.br\/novoportal\/wp-json\/wp\/v2\/posts"}],"about":[{"href":"https:\/\/www.sudoestehoje.com.br\/novoportal\/wp-json\/wp\/v2\/types\/post"}],"author":[{"embeddable":true,"href":"https:\/\/www.sudoestehoje.com.br\/novoportal\/wp-json\/wp\/v2\/users\/2"}],"replies":[{"embeddable":true,"href":"https:\/\/www.sudoestehoje.com.br\/novoportal\/wp-json\/wp\/v2\/comments?post=93321"}],"version-history":[{"count":3,"href":"https:\/\/www.sudoestehoje.com.br\/novoportal\/wp-json\/wp\/v2\/posts\/93321\/revisions"}],"predecessor-version":[{"id":93331,"href":"https:\/\/www.sudoestehoje.com.br\/novoportal\/wp-json\/wp\/v2\/posts\/93321\/revisions\/93331"}],"wp:featuredmedia":[{"embeddable":true,"href":"https:\/\/www.sudoestehoje.com.br\/novoportal\/wp-json\/wp\/v2\/media\/93324"}],"wp:attachment":[{"href":"https:\/\/www.sudoestehoje.com.br\/novoportal\/wp-json\/wp\/v2\/media?parent=93321"}],"wp:term":[{"taxonomy":"category","embeddable":true,"href":"https:\/\/www.sudoestehoje.com.br\/novoportal\/wp-json\/wp\/v2\/categories?post=93321"},{"taxonomy":"post_tag","embeddable":true,"href":"https:\/\/www.sudoestehoje.com.br\/novoportal\/wp-json\/wp\/v2\/tags?post=93321"}],"curies":[{"name":"wp","href":"https:\/\/api.w.org\/{rel}","templated":true}]}}