
{"id":93306,"date":"2021-02-23T09:01:06","date_gmt":"2021-02-23T12:01:06","guid":{"rendered":"https:\/\/www.sudoestehoje.com.br\/novoportal\/?p=93306"},"modified":"2021-02-23T09:01:34","modified_gmt":"2021-02-23T12:01:34","slug":"secretario-de-saude-fabio-vilas-boas-vai-para-uti-apos-piora-no-quadro-da-covid-19","status":"publish","type":"post","link":"https:\/\/www.sudoestehoje.com.br\/novoportal\/2021\/02\/23\/secretario-de-saude-fabio-vilas-boas-vai-para-uti-apos-piora-no-quadro-da-covid-19\/","title":{"rendered":"SECRET\u00c1RIO DE SA\u00daDE F\u00c1BIO VILAS-BOAS VAI PARA UTI AP\u00d3S PIORA NO QUADRO DA COVID-19"},"content":{"rendered":"<p><a href=\"https:\/\/www.sudoestehoje.com.br\/novoportal\/wp-content\/uploads\/2021\/02\/fabiovilasboasinternado_6c40210dff.jpeg\"><img loading=\"lazy\" decoding=\"async\" class=\"aligncenter size-medium wp-image-93307\" src=\"https:\/\/www.sudoestehoje.com.br\/novoportal\/wp-content\/uploads\/2021\/02\/fabiovilasboasinternado_6c40210dff-500x264.jpeg\" alt=\"\" width=\"500\" height=\"264\" srcset=\"https:\/\/www.sudoestehoje.com.br\/novoportal\/wp-content\/uploads\/2021\/02\/fabiovilasboasinternado_6c40210dff-500x264.jpeg 500w, https:\/\/www.sudoestehoje.com.br\/novoportal\/wp-content\/uploads\/2021\/02\/fabiovilasboasinternado_6c40210dff-700x370.jpeg 700w, https:\/\/www.sudoestehoje.com.br\/novoportal\/wp-content\/uploads\/2021\/02\/fabiovilasboasinternado_6c40210dff-768x406.jpeg 768w, https:\/\/www.sudoestehoje.com.br\/novoportal\/wp-content\/uploads\/2021\/02\/fabiovilasboasinternado_6c40210dff.jpeg 940w\" sizes=\"auto, (max-width: 500px) 100vw, 500px\" \/><\/a><\/p>\n<p class=\"bodytext\">Internado no Hospital Alian\u00e7a, em Salvador, desde a \u00faltima sexta-feira (19) em virtude de um quadro de covid-19, o secret\u00e1rio da Sa\u00fade do Estado da Bahia, F\u00e1bio Vilas Boas, teve uma piora no quadro cl\u00ednico na noite desta segunda-feira (22), sendo necess\u00e1ria a transfer\u00eancia para a Unidade de Terapia Intensiva.<\/p>\n<p class=\"bodytext\">Segundo nota da secretaria de Sa\u00fade, F\u00e1bio evoluiu bem durante a noite e a expectativa \u00e9 de retorno ao\u00a0leito cl\u00ednico ainda hoje.<\/p>\n<p>Ele \u00e9 assistido pelo pneumologista S\u00e9rgio Jezler e pelo infectologista Roberto Badar\u00f3. Permanece em uso de medicamentos e segue dependente de oxig\u00eanio por cateter nasal. Ainda n\u00e3o h\u00e1 previs\u00e3o de alta. <em>\/\/Correio<\/em><\/p>\n","protected":false},"excerpt":{"rendered":"<p>Internado no Hospital Alian\u00e7a, em Salvador, desde a \u00faltima sexta-feira (19) em virtude de um quadro de covid-19, o secret\u00e1rio da Sa\u00fade do Estado da Bahia, F\u00e1bio Vilas Boas, teve uma piora no quadro cl\u00ednico na noite desta segunda-feira (22), sendo necess\u00e1ria a transfer\u00eancia para a Unidade de Terapia Intensiva. Segundo nota da secretaria de [&hellip;]<\/p>\n","protected":false},"author":2,"featured_media":93307,"comment_status":"open","ping_status":"open","sticky":false,"template":"","format":"standard","meta":{"footnotes":"","_links_to":"","_links_to_target":""},"categories":[1],"tags":[],"class_list":["post-93306","post","type-post","status-publish","format-standard","has-post-thumbnail","hentry","category-geral"],"views":785,"_links":{"self":[{"href":"https:\/\/www.sudoestehoje.com.br\/novoportal\/wp-json\/wp\/v2\/posts\/93306","targetHints":{"allow":["GET"]}}],"collection":[{"href":"https:\/\/www.sudoestehoje.com.br\/novoportal\/wp-json\/wp\/v2\/posts"}],"about":[{"href":"https:\/\/www.sudoestehoje.com.br\/novoportal\/wp-json\/wp\/v2\/types\/post"}],"author":[{"embeddable":true,"href":"https:\/\/www.sudoestehoje.com.br\/novoportal\/wp-json\/wp\/v2\/users\/2"}],"replies":[{"embeddable":true,"href":"https:\/\/www.sudoestehoje.com.br\/novoportal\/wp-json\/wp\/v2\/comments?post=93306"}],"version-history":[{"count":3,"href":"https:\/\/www.sudoestehoje.com.br\/novoportal\/wp-json\/wp\/v2\/posts\/93306\/revisions"}],"predecessor-version":[{"id":93310,"href":"https:\/\/www.sudoestehoje.com.br\/novoportal\/wp-json\/wp\/v2\/posts\/93306\/revisions\/93310"}],"wp:featuredmedia":[{"embeddable":true,"href":"https:\/\/www.sudoestehoje.com.br\/novoportal\/wp-json\/wp\/v2\/media\/93307"}],"wp:attachment":[{"href":"https:\/\/www.sudoestehoje.com.br\/novoportal\/wp-json\/wp\/v2\/media?parent=93306"}],"wp:term":[{"taxonomy":"category","embeddable":true,"href":"https:\/\/www.sudoestehoje.com.br\/novoportal\/wp-json\/wp\/v2\/categories?post=93306"},{"taxonomy":"post_tag","embeddable":true,"href":"https:\/\/www.sudoestehoje.com.br\/novoportal\/wp-json\/wp\/v2\/tags?post=93306"}],"curies":[{"name":"wp","href":"https:\/\/api.w.org\/{rel}","templated":true}]}}