
{"id":93300,"date":"2021-02-22T20:34:52","date_gmt":"2021-02-22T23:34:52","guid":{"rendered":"https:\/\/www.sudoestehoje.com.br\/novoportal\/?p=93300"},"modified":"2021-02-22T20:34:52","modified_gmt":"2021-02-22T23:34:52","slug":"itapetinga-toque-de-recolher-comecou-a-vigorar-a-partir-das-20h-nesta-segunda","status":"publish","type":"post","link":"https:\/\/www.sudoestehoje.com.br\/novoportal\/2021\/02\/22\/itapetinga-toque-de-recolher-comecou-a-vigorar-a-partir-das-20h-nesta-segunda\/","title":{"rendered":"ITAPETINGA: TOQUE DE RECOLHER COME\u00c7OU A VIGORAR A PARTIR DAS 20h NESTA SEGUNDA"},"content":{"rendered":"<p><a href=\"https:\/\/www.sudoestehoje.com.br\/novoportal\/wp-content\/uploads\/2021\/02\/pra\u00e7a-1.jpeg\"><img loading=\"lazy\" decoding=\"async\" class=\"aligncenter size-medium wp-image-93303\" src=\"https:\/\/www.sudoestehoje.com.br\/novoportal\/wp-content\/uploads\/2021\/02\/pra\u00e7a-1-500x250.jpeg\" alt=\"\" width=\"500\" height=\"250\" srcset=\"https:\/\/www.sudoestehoje.com.br\/novoportal\/wp-content\/uploads\/2021\/02\/pra\u00e7a-1-500x250.jpeg 500w, https:\/\/www.sudoestehoje.com.br\/novoportal\/wp-content\/uploads\/2021\/02\/pra\u00e7a-1-700x351.jpeg 700w, https:\/\/www.sudoestehoje.com.br\/novoportal\/wp-content\/uploads\/2021\/02\/pra\u00e7a-1-768x385.jpeg 768w, https:\/\/www.sudoestehoje.com.br\/novoportal\/wp-content\/uploads\/2021\/02\/pra\u00e7a-1.jpeg 1280w\" sizes=\"auto, (max-width: 500px) 100vw, 500px\" \/><\/a><\/p>\n<p>O novo hor\u00e1rio do &#8216;Toque de Recolher&#8217; decretado pelo governador Rui Costa, acatado pelo prefeito Rodrigo Hagge, come\u00e7ou a vigorar em Itapetinga a partir das 20h desta segunda-feira (22), a exemplo das demais cidades da Bahia inclu\u00eddas no Decreto.<\/p>\n<p>As duras medidas adotadas pelas autoridades visam conter o avan\u00e7o das novas variantes da Covid-19, ap\u00f3s a popula\u00e7\u00e3o relaxar das medidas de preven\u00e7\u00e3o \u00e0 pandemia, provocando aglomera\u00e7\u00f5es em festas, praias, clubes e outros locais, sem o uso obrigat\u00f3rio de m\u00e1scaras e atos de higiene pessoal.<\/p>\n<p>As ruas de Itapetinga, neste momento, encontram-se desertas, enquanto a PM e Pol\u00edcia Civil fazem as rondas de rotina por toda a cidade.<\/p>\n<p>Nenhuma ocorr\u00eancia foi ainda registrada.<\/p>\n<p><strong><em>Por Davi Ferraz<\/em><\/strong><\/p>\n","protected":false},"excerpt":{"rendered":"<p>O novo hor\u00e1rio do &#8216;Toque de Recolher&#8217; decretado pelo governador Rui Costa, acatado pelo prefeito Rodrigo Hagge, come\u00e7ou a vigorar em Itapetinga a partir das 20h desta segunda-feira (22), a exemplo das demais cidades da Bahia inclu\u00eddas no Decreto. As duras medidas adotadas pelas autoridades visam conter o avan\u00e7o das novas variantes da Covid-19, ap\u00f3s [&hellip;]<\/p>\n","protected":false},"author":2,"featured_media":93303,"comment_status":"open","ping_status":"open","sticky":false,"template":"","format":"standard","meta":{"footnotes":"","_links_to":"","_links_to_target":""},"categories":[1],"tags":[],"class_list":["post-93300","post","type-post","status-publish","format-standard","has-post-thumbnail","hentry","category-geral"],"views":859,"_links":{"self":[{"href":"https:\/\/www.sudoestehoje.com.br\/novoportal\/wp-json\/wp\/v2\/posts\/93300","targetHints":{"allow":["GET"]}}],"collection":[{"href":"https:\/\/www.sudoestehoje.com.br\/novoportal\/wp-json\/wp\/v2\/posts"}],"about":[{"href":"https:\/\/www.sudoestehoje.com.br\/novoportal\/wp-json\/wp\/v2\/types\/post"}],"author":[{"embeddable":true,"href":"https:\/\/www.sudoestehoje.com.br\/novoportal\/wp-json\/wp\/v2\/users\/2"}],"replies":[{"embeddable":true,"href":"https:\/\/www.sudoestehoje.com.br\/novoportal\/wp-json\/wp\/v2\/comments?post=93300"}],"version-history":[{"count":4,"href":"https:\/\/www.sudoestehoje.com.br\/novoportal\/wp-json\/wp\/v2\/posts\/93300\/revisions"}],"predecessor-version":[{"id":93305,"href":"https:\/\/www.sudoestehoje.com.br\/novoportal\/wp-json\/wp\/v2\/posts\/93300\/revisions\/93305"}],"wp:featuredmedia":[{"embeddable":true,"href":"https:\/\/www.sudoestehoje.com.br\/novoportal\/wp-json\/wp\/v2\/media\/93303"}],"wp:attachment":[{"href":"https:\/\/www.sudoestehoje.com.br\/novoportal\/wp-json\/wp\/v2\/media?parent=93300"}],"wp:term":[{"taxonomy":"category","embeddable":true,"href":"https:\/\/www.sudoestehoje.com.br\/novoportal\/wp-json\/wp\/v2\/categories?post=93300"},{"taxonomy":"post_tag","embeddable":true,"href":"https:\/\/www.sudoestehoje.com.br\/novoportal\/wp-json\/wp\/v2\/tags?post=93300"}],"curies":[{"name":"wp","href":"https:\/\/api.w.org\/{rel}","templated":true}]}}