
{"id":93294,"date":"2021-02-22T19:48:08","date_gmt":"2021-02-22T22:48:08","guid":{"rendered":"https:\/\/www.sudoestehoje.com.br\/novoportal\/?p=93294"},"modified":"2021-02-22T19:48:08","modified_gmt":"2021-02-22T22:48:08","slug":"itapetinga-flavao-do-saae-se-recupera-da-covid-19-em-hospital-de-conquista-e-apresenta-melhoras","status":"publish","type":"post","link":"https:\/\/www.sudoestehoje.com.br\/novoportal\/2021\/02\/22\/itapetinga-flavao-do-saae-se-recupera-da-covid-19-em-hospital-de-conquista-e-apresenta-melhoras\/","title":{"rendered":"ITAPETINGA: FLAV\u00c3O DO SAAE SE RECUPERA DA COVID-19 EM HOSPITAL DE CONQUISTA E APRESENTA MELHORAS"},"content":{"rendered":"<p><a href=\"https:\/\/www.sudoestehoje.com.br\/novoportal\/wp-content\/uploads\/2021\/02\/flav\u00e3o-1.jpeg\"><img loading=\"lazy\" decoding=\"async\" class=\"aligncenter size-medium wp-image-93296\" src=\"https:\/\/www.sudoestehoje.com.br\/novoportal\/wp-content\/uploads\/2021\/02\/flav\u00e3o-1-500x506.jpeg\" alt=\"\" width=\"500\" height=\"506\" srcset=\"https:\/\/www.sudoestehoje.com.br\/novoportal\/wp-content\/uploads\/2021\/02\/flav\u00e3o-1-500x506.jpeg 500w, https:\/\/www.sudoestehoje.com.br\/novoportal\/wp-content\/uploads\/2021\/02\/flav\u00e3o-1-700x709.jpeg 700w, https:\/\/www.sudoestehoje.com.br\/novoportal\/wp-content\/uploads\/2021\/02\/flav\u00e3o-1.jpeg 711w\" sizes=\"auto, (max-width: 500px) 100vw, 500px\" \/><\/a><\/p>\n<p>Nesta segunda-feira (22), amigos e familiares do jovem servidor municipal Fl\u00e1vio Viana, conhecido por &#8216;Flav\u00e3o&#8217;, divulgou nas redes sociais uma mensagem sobre o seu estado de sa\u00fade. Flav\u00e3o est\u00e1 internado no Hospital de Cl\u00ednicas de Vit\u00f3ria da Conquista, em tratamento da Covid-19. <em>Confira a mensagem:<\/em><\/p>\n<p><em>&#8220;Acabamos de receber o boletim desta segunda-feira. Fl\u00e1vio permanece est\u00e1vel. Isso \u00e9 um bom sinal. Ele apresenta discreta melhora na fun\u00e7\u00e3o respirat\u00f3ria. A recupera\u00e7\u00e3o \u00e9 lenta, por isso devemos continuar mandando boas boas energias. Continuem a orar por ele!<\/em><\/p>\n<p><em>A fam\u00edlia agradece o carinho e preocupa\u00e7\u00e3o de todos. Pedimos tamb\u00e9m o bom senso de n\u00e3o divulgarem informa\u00e7\u00f5es que n\u00e3o sejam repassadas pela fam\u00edlia. Amigos e familiares&#8221;.<\/em><\/p>\n<p><strong><em>Da Reda\u00e7\u00e3o<\/em><\/strong><\/p>\n","protected":false},"excerpt":{"rendered":"<p>Nesta segunda-feira (22), amigos e familiares do jovem servidor municipal Fl\u00e1vio Viana, conhecido por &#8216;Flav\u00e3o&#8217;, divulgou nas redes sociais uma mensagem sobre o seu estado de sa\u00fade. Flav\u00e3o est\u00e1 internado no Hospital de Cl\u00ednicas de Vit\u00f3ria da Conquista, em tratamento da Covid-19. Confira a mensagem: &#8220;Acabamos de receber o boletim desta segunda-feira. Fl\u00e1vio permanece est\u00e1vel. [&hellip;]<\/p>\n","protected":false},"author":2,"featured_media":93296,"comment_status":"open","ping_status":"open","sticky":false,"template":"","format":"standard","meta":{"footnotes":"","_links_to":"","_links_to_target":""},"categories":[1],"tags":[],"class_list":["post-93294","post","type-post","status-publish","format-standard","has-post-thumbnail","hentry","category-geral"],"views":2214,"_links":{"self":[{"href":"https:\/\/www.sudoestehoje.com.br\/novoportal\/wp-json\/wp\/v2\/posts\/93294","targetHints":{"allow":["GET"]}}],"collection":[{"href":"https:\/\/www.sudoestehoje.com.br\/novoportal\/wp-json\/wp\/v2\/posts"}],"about":[{"href":"https:\/\/www.sudoestehoje.com.br\/novoportal\/wp-json\/wp\/v2\/types\/post"}],"author":[{"embeddable":true,"href":"https:\/\/www.sudoestehoje.com.br\/novoportal\/wp-json\/wp\/v2\/users\/2"}],"replies":[{"embeddable":true,"href":"https:\/\/www.sudoestehoje.com.br\/novoportal\/wp-json\/wp\/v2\/comments?post=93294"}],"version-history":[{"count":4,"href":"https:\/\/www.sudoestehoje.com.br\/novoportal\/wp-json\/wp\/v2\/posts\/93294\/revisions"}],"predecessor-version":[{"id":93299,"href":"https:\/\/www.sudoestehoje.com.br\/novoportal\/wp-json\/wp\/v2\/posts\/93294\/revisions\/93299"}],"wp:featuredmedia":[{"embeddable":true,"href":"https:\/\/www.sudoestehoje.com.br\/novoportal\/wp-json\/wp\/v2\/media\/93296"}],"wp:attachment":[{"href":"https:\/\/www.sudoestehoje.com.br\/novoportal\/wp-json\/wp\/v2\/media?parent=93294"}],"wp:term":[{"taxonomy":"category","embeddable":true,"href":"https:\/\/www.sudoestehoje.com.br\/novoportal\/wp-json\/wp\/v2\/categories?post=93294"},{"taxonomy":"post_tag","embeddable":true,"href":"https:\/\/www.sudoestehoje.com.br\/novoportal\/wp-json\/wp\/v2\/tags?post=93294"}],"curies":[{"name":"wp","href":"https:\/\/api.w.org\/{rel}","templated":true}]}}