
{"id":93288,"date":"2021-02-22T18:52:55","date_gmt":"2021-02-22T21:52:55","guid":{"rendered":"https:\/\/www.sudoestehoje.com.br\/novoportal\/?p=93288"},"modified":"2021-02-22T18:52:55","modified_gmt":"2021-02-22T21:52:55","slug":"itapetinga-sem-mortes-por-covid-ha-10-dias","status":"publish","type":"post","link":"https:\/\/www.sudoestehoje.com.br\/novoportal\/2021\/02\/22\/itapetinga-sem-mortes-por-covid-ha-10-dias\/","title":{"rendered":"ITAPETINGA SEM MORTES POR COVID H\u00c1 10 DIAS"},"content":{"rendered":"<p><a href=\"https:\/\/www.sudoestehoje.com.br\/novoportal\/wp-content\/uploads\/2021\/02\/itapetinga-vista-2.jpeg\"><img loading=\"lazy\" decoding=\"async\" class=\"aligncenter size-medium wp-image-93292\" src=\"https:\/\/www.sudoestehoje.com.br\/novoportal\/wp-content\/uploads\/2021\/02\/itapetinga-vista-2-500x333.jpeg\" alt=\"\" width=\"500\" height=\"333\" srcset=\"https:\/\/www.sudoestehoje.com.br\/novoportal\/wp-content\/uploads\/2021\/02\/itapetinga-vista-2-500x333.jpeg 500w, https:\/\/www.sudoestehoje.com.br\/novoportal\/wp-content\/uploads\/2021\/02\/itapetinga-vista-2-700x466.jpeg 700w, https:\/\/www.sudoestehoje.com.br\/novoportal\/wp-content\/uploads\/2021\/02\/itapetinga-vista-2-768x512.jpeg 768w, https:\/\/www.sudoestehoje.com.br\/novoportal\/wp-content\/uploads\/2021\/02\/itapetinga-vista-2.jpeg 1280w\" sizes=\"auto, (max-width: 500px) 100vw, 500px\" \/><\/a><\/p>\n<p>Apesar do n\u00famero crescente de casos de Covid-19 neste m\u00eas de fevereiro, o n\u00famero de \u00f3bitos em raz\u00e3o da pandemia tem se mantido est\u00e1vel em Itapetinga, de acordo com o boletim da Secretaria de Sa\u00fade do Munic\u00edpio.<\/p>\n<p>A \u00faltima em raz\u00e3o do Coronav\u00edrus, conforme dados oficiais, aconteceu no dia 12 de fevereiro e n\u00e3o houve mais registros nos \u00faltimos 10 dias.<\/p>\n<p>O munic\u00edpio j\u00e1 registrou, desde o in\u00edcio da pandemia, 3.253 casos, 73 \u00f3bitos e 3.016 curas. Atualmente existem 164 casos ativos em Itapetinga. Nas \u00faltimas 24 horas foram registrados 33 novos casos.<\/p>\n<p><strong><em>Por Davi Ferraz<\/em><\/strong><\/p>\n","protected":false},"excerpt":{"rendered":"<p>Apesar do n\u00famero crescente de casos de Covid-19 neste m\u00eas de fevereiro, o n\u00famero de \u00f3bitos em raz\u00e3o da pandemia tem se mantido est\u00e1vel em Itapetinga, de acordo com o boletim da Secretaria de Sa\u00fade do Munic\u00edpio. A \u00faltima em raz\u00e3o do Coronav\u00edrus, conforme dados oficiais, aconteceu no dia 12 de fevereiro e n\u00e3o houve [&hellip;]<\/p>\n","protected":false},"author":2,"featured_media":93292,"comment_status":"open","ping_status":"open","sticky":false,"template":"","format":"standard","meta":{"footnotes":"","_links_to":"","_links_to_target":""},"categories":[1],"tags":[],"class_list":["post-93288","post","type-post","status-publish","format-standard","has-post-thumbnail","hentry","category-geral"],"views":1037,"_links":{"self":[{"href":"https:\/\/www.sudoestehoje.com.br\/novoportal\/wp-json\/wp\/v2\/posts\/93288","targetHints":{"allow":["GET"]}}],"collection":[{"href":"https:\/\/www.sudoestehoje.com.br\/novoportal\/wp-json\/wp\/v2\/posts"}],"about":[{"href":"https:\/\/www.sudoestehoje.com.br\/novoportal\/wp-json\/wp\/v2\/types\/post"}],"author":[{"embeddable":true,"href":"https:\/\/www.sudoestehoje.com.br\/novoportal\/wp-json\/wp\/v2\/users\/2"}],"replies":[{"embeddable":true,"href":"https:\/\/www.sudoestehoje.com.br\/novoportal\/wp-json\/wp\/v2\/comments?post=93288"}],"version-history":[{"count":4,"href":"https:\/\/www.sudoestehoje.com.br\/novoportal\/wp-json\/wp\/v2\/posts\/93288\/revisions"}],"predecessor-version":[{"id":93293,"href":"https:\/\/www.sudoestehoje.com.br\/novoportal\/wp-json\/wp\/v2\/posts\/93288\/revisions\/93293"}],"wp:featuredmedia":[{"embeddable":true,"href":"https:\/\/www.sudoestehoje.com.br\/novoportal\/wp-json\/wp\/v2\/media\/93292"}],"wp:attachment":[{"href":"https:\/\/www.sudoestehoje.com.br\/novoportal\/wp-json\/wp\/v2\/media?parent=93288"}],"wp:term":[{"taxonomy":"category","embeddable":true,"href":"https:\/\/www.sudoestehoje.com.br\/novoportal\/wp-json\/wp\/v2\/categories?post=93288"},{"taxonomy":"post_tag","embeddable":true,"href":"https:\/\/www.sudoestehoje.com.br\/novoportal\/wp-json\/wp\/v2\/tags?post=93288"}],"curies":[{"name":"wp","href":"https:\/\/api.w.org\/{rel}","templated":true}]}}