
{"id":93259,"date":"2021-02-21T22:56:16","date_gmt":"2021-02-22T01:56:16","guid":{"rendered":"https:\/\/www.sudoestehoje.com.br\/novoportal\/?p=93259"},"modified":"2021-02-21T22:56:16","modified_gmt":"2021-02-22T01:56:16","slug":"itapetinga-vereador-helder-ladeia-indica-ao-prefeito-reforma-da-quadra-poliesportiva-de-bandeira-do-colonia","status":"publish","type":"post","link":"https:\/\/www.sudoestehoje.com.br\/novoportal\/2021\/02\/21\/itapetinga-vereador-helder-ladeia-indica-ao-prefeito-reforma-da-quadra-poliesportiva-de-bandeira-do-colonia\/","title":{"rendered":"ITAPETINGA: VEREADOR HELDER LADEIA INDICA AO PREFEITO REFORMA DA QUADRA POLIESPORTIVA DE BANDEIRA DO COL\u00d4NIA"},"content":{"rendered":"<p><a href=\"https:\/\/www.sudoestehoje.com.br\/novoportal\/wp-content\/uploads\/2021\/02\/quadra-1.jpeg\"><img loading=\"lazy\" decoding=\"async\" class=\"aligncenter size-medium wp-image-93263\" src=\"https:\/\/www.sudoestehoje.com.br\/novoportal\/wp-content\/uploads\/2021\/02\/quadra-1-500x375.jpeg\" alt=\"\" width=\"500\" height=\"375\" srcset=\"https:\/\/www.sudoestehoje.com.br\/novoportal\/wp-content\/uploads\/2021\/02\/quadra-1-500x375.jpeg 500w, https:\/\/www.sudoestehoje.com.br\/novoportal\/wp-content\/uploads\/2021\/02\/quadra-1-700x525.jpeg 700w, https:\/\/www.sudoestehoje.com.br\/novoportal\/wp-content\/uploads\/2021\/02\/quadra-1-768x576.jpeg 768w, https:\/\/www.sudoestehoje.com.br\/novoportal\/wp-content\/uploads\/2021\/02\/quadra-1.jpeg 1040w\" sizes=\"auto, (max-width: 500px) 100vw, 500px\" \/><\/a><\/p>\n<p>Atrav\u00e9s de Indica\u00e7\u00e3o protocolada na C\u00e2mara Municipal de Itapetinga, o vereador Helder Ladeia (PSC) solicitou ao prefeito Rodrigo Hagge a reforma total da Quadra Poliesportiva do Distrito de Bandeira do Col\u00f4nia, como seu aut\u00eantico representante.<\/p>\n<p>A quadra, de acordo com o vereador do distrito, necessita de requalifica\u00e7\u00e3o, com coloca\u00e7\u00e3o de traves, alambrado, redes, pintura, banheiros, instala\u00e7\u00e3o el\u00e9trica e ilumina\u00e7\u00e3o.<\/p>\n<p><a href=\"https:\/\/www.sudoestehoje.com.br\/novoportal\/wp-content\/uploads\/2021\/02\/quadra-2.jpeg\"><img loading=\"lazy\" decoding=\"async\" class=\"aligncenter size-medium wp-image-93264\" src=\"https:\/\/www.sudoestehoje.com.br\/novoportal\/wp-content\/uploads\/2021\/02\/quadra-2-500x375.jpeg\" alt=\"\" width=\"500\" height=\"375\" srcset=\"https:\/\/www.sudoestehoje.com.br\/novoportal\/wp-content\/uploads\/2021\/02\/quadra-2-500x375.jpeg 500w, https:\/\/www.sudoestehoje.com.br\/novoportal\/wp-content\/uploads\/2021\/02\/quadra-2-700x525.jpeg 700w, https:\/\/www.sudoestehoje.com.br\/novoportal\/wp-content\/uploads\/2021\/02\/quadra-2-768x576.jpeg 768w, https:\/\/www.sudoestehoje.com.br\/novoportal\/wp-content\/uploads\/2021\/02\/quadra-2.jpeg 1040w\" sizes=\"auto, (max-width: 500px) 100vw, 500px\" \/><\/a><\/p>\n<p>Neste in\u00edcio de mandato, Helder Ladeia j\u00e1 apresentou uma s\u00e9rie de indica\u00e7\u00f5es, todas visando melhorar a infraestrutura e a qualidade de vida dos moradores de Bandeira do Col\u00f4nia.<\/p>\n<p><strong><em>Da Reda\u00e7\u00e3o<\/em><\/strong><\/p>\n","protected":false},"excerpt":{"rendered":"<p>Atrav\u00e9s de Indica\u00e7\u00e3o protocolada na C\u00e2mara Municipal de Itapetinga, o vereador Helder Ladeia (PSC) solicitou ao prefeito Rodrigo Hagge a reforma total da Quadra Poliesportiva do Distrito de Bandeira do Col\u00f4nia, como seu aut\u00eantico representante. A quadra, de acordo com o vereador do distrito, necessita de requalifica\u00e7\u00e3o, com coloca\u00e7\u00e3o de traves, alambrado, redes, pintura, banheiros, [&hellip;]<\/p>\n","protected":false},"author":2,"featured_media":93263,"comment_status":"open","ping_status":"open","sticky":false,"template":"","format":"standard","meta":{"footnotes":"","_links_to":"","_links_to_target":""},"categories":[1],"tags":[],"class_list":["post-93259","post","type-post","status-publish","format-standard","has-post-thumbnail","hentry","category-geral"],"views":1237,"_links":{"self":[{"href":"https:\/\/www.sudoestehoje.com.br\/novoportal\/wp-json\/wp\/v2\/posts\/93259","targetHints":{"allow":["GET"]}}],"collection":[{"href":"https:\/\/www.sudoestehoje.com.br\/novoportal\/wp-json\/wp\/v2\/posts"}],"about":[{"href":"https:\/\/www.sudoestehoje.com.br\/novoportal\/wp-json\/wp\/v2\/types\/post"}],"author":[{"embeddable":true,"href":"https:\/\/www.sudoestehoje.com.br\/novoportal\/wp-json\/wp\/v2\/users\/2"}],"replies":[{"embeddable":true,"href":"https:\/\/www.sudoestehoje.com.br\/novoportal\/wp-json\/wp\/v2\/comments?post=93259"}],"version-history":[{"count":5,"href":"https:\/\/www.sudoestehoje.com.br\/novoportal\/wp-json\/wp\/v2\/posts\/93259\/revisions"}],"predecessor-version":[{"id":93266,"href":"https:\/\/www.sudoestehoje.com.br\/novoportal\/wp-json\/wp\/v2\/posts\/93259\/revisions\/93266"}],"wp:featuredmedia":[{"embeddable":true,"href":"https:\/\/www.sudoestehoje.com.br\/novoportal\/wp-json\/wp\/v2\/media\/93263"}],"wp:attachment":[{"href":"https:\/\/www.sudoestehoje.com.br\/novoportal\/wp-json\/wp\/v2\/media?parent=93259"}],"wp:term":[{"taxonomy":"category","embeddable":true,"href":"https:\/\/www.sudoestehoje.com.br\/novoportal\/wp-json\/wp\/v2\/categories?post=93259"},{"taxonomy":"post_tag","embeddable":true,"href":"https:\/\/www.sudoestehoje.com.br\/novoportal\/wp-json\/wp\/v2\/tags?post=93259"}],"curies":[{"name":"wp","href":"https:\/\/api.w.org\/{rel}","templated":true}]}}