
{"id":93250,"date":"2021-02-21T16:46:35","date_gmt":"2021-02-21T19:46:35","guid":{"rendered":"https:\/\/www.sudoestehoje.com.br\/novoportal\/?p=93250"},"modified":"2021-02-21T16:46:35","modified_gmt":"2021-02-21T19:46:35","slug":"rui-costa-antecipa-toque-de-recolher-para-as-20h-e-horarios-dos-bares-ate-as-18h","status":"publish","type":"post","link":"https:\/\/www.sudoestehoje.com.br\/novoportal\/2021\/02\/21\/rui-costa-antecipa-toque-de-recolher-para-as-20h-e-horarios-dos-bares-ate-as-18h\/","title":{"rendered":"RUI COSTA ANTECIPA TOQUE DE RECOLHER PARA AS 20h E HOR\u00c1RIOS DOS BARES AT\u00c9 AS 18h"},"content":{"rendered":"<p><a href=\"https:\/\/www.sudoestehoje.com.br\/novoportal\/wp-content\/uploads\/2021\/02\/rua-4.jpg\"><img loading=\"lazy\" decoding=\"async\" class=\"aligncenter size-medium wp-image-93205\" src=\"https:\/\/www.sudoestehoje.com.br\/novoportal\/wp-content\/uploads\/2021\/02\/rua-4-500x500.jpg\" alt=\"\" width=\"500\" height=\"500\" srcset=\"https:\/\/www.sudoestehoje.com.br\/novoportal\/wp-content\/uploads\/2021\/02\/rua-4-500x500.jpg 500w, https:\/\/www.sudoestehoje.com.br\/novoportal\/wp-content\/uploads\/2021\/02\/rua-4-700x700.jpg 700w, https:\/\/www.sudoestehoje.com.br\/novoportal\/wp-content\/uploads\/2021\/02\/rua-4-150x150.jpg 150w, https:\/\/www.sudoestehoje.com.br\/novoportal\/wp-content\/uploads\/2021\/02\/rua-4-768x768.jpg 768w, https:\/\/www.sudoestehoje.com.br\/novoportal\/wp-content\/uploads\/2021\/02\/rua-4.jpg 1440w\" sizes=\"auto, (max-width: 500px) 100vw, 500px\" \/><\/a><\/p>\n<p class=\"bodytext\">O governador Rui Costa anunciou neste domingo (21) que o toque de recolher na Bahia ser\u00e1 antecipado para \u00e0s 20h, ao inv\u00e9s de 22h, como estava sendo praticado desde a sexta-feira.<\/p>\n<p class=\"bodytext\">O novo hor\u00e1rio come\u00e7a a valer a partida segunda-feira (22). A decis\u00e3o est\u00e1 atrelada \u00e0 ocupa\u00e7\u00e3o dos leitos de UTI do estado, que chegou aos 80%.<\/p>\n<p class=\"bodytext\"><em>&#8220;Infelizmente, alcan\u00e7amos a marca de 80% de ocupa\u00e7\u00e3o dos leitos de UTI na #Bahia e a consequ\u00eancia ser\u00e1 a amplia\u00e7\u00e3o do hor\u00e1rio do toque de recolher. A partir desta segunda, dia 22, a restri\u00e7\u00e3o ser\u00e1 das 20h \u00e0s 5h. A regi\u00e3o Oeste ser\u00e1 a \u00fanica exce\u00e7\u00e3o na atualiza\u00e7\u00e3o do decreto&#8221;<\/em>, escreveu Rui.<\/p>\n<p class=\"bodytext\">Com isso, Irec\u00ea e Jacobina, que estavam exclu\u00eddas no decreto anterior, tamb\u00e9m entram no toque de recolher.<\/p>\n","protected":false},"excerpt":{"rendered":"<p>O governador Rui Costa anunciou neste domingo (21) que o toque de recolher na Bahia ser\u00e1 antecipado para \u00e0s 20h, ao inv\u00e9s de 22h, como estava sendo praticado desde a sexta-feira. O novo hor\u00e1rio come\u00e7a a valer a partida segunda-feira (22). A decis\u00e3o est\u00e1 atrelada \u00e0 ocupa\u00e7\u00e3o dos leitos de UTI do estado, que chegou [&hellip;]<\/p>\n","protected":false},"author":2,"featured_media":0,"comment_status":"open","ping_status":"open","sticky":false,"template":"","format":"standard","meta":{"footnotes":"","_links_to":"","_links_to_target":""},"categories":[1],"tags":[],"class_list":["post-93250","post","type-post","status-publish","format-standard","hentry","category-geral"],"views":1628,"_links":{"self":[{"href":"https:\/\/www.sudoestehoje.com.br\/novoportal\/wp-json\/wp\/v2\/posts\/93250","targetHints":{"allow":["GET"]}}],"collection":[{"href":"https:\/\/www.sudoestehoje.com.br\/novoportal\/wp-json\/wp\/v2\/posts"}],"about":[{"href":"https:\/\/www.sudoestehoje.com.br\/novoportal\/wp-json\/wp\/v2\/types\/post"}],"author":[{"embeddable":true,"href":"https:\/\/www.sudoestehoje.com.br\/novoportal\/wp-json\/wp\/v2\/users\/2"}],"replies":[{"embeddable":true,"href":"https:\/\/www.sudoestehoje.com.br\/novoportal\/wp-json\/wp\/v2\/comments?post=93250"}],"version-history":[{"count":2,"href":"https:\/\/www.sudoestehoje.com.br\/novoportal\/wp-json\/wp\/v2\/posts\/93250\/revisions"}],"predecessor-version":[{"id":93252,"href":"https:\/\/www.sudoestehoje.com.br\/novoportal\/wp-json\/wp\/v2\/posts\/93250\/revisions\/93252"}],"wp:attachment":[{"href":"https:\/\/www.sudoestehoje.com.br\/novoportal\/wp-json\/wp\/v2\/media?parent=93250"}],"wp:term":[{"taxonomy":"category","embeddable":true,"href":"https:\/\/www.sudoestehoje.com.br\/novoportal\/wp-json\/wp\/v2\/categories?post=93250"},{"taxonomy":"post_tag","embeddable":true,"href":"https:\/\/www.sudoestehoje.com.br\/novoportal\/wp-json\/wp\/v2\/tags?post=93250"}],"curies":[{"name":"wp","href":"https:\/\/api.w.org\/{rel}","templated":true}]}}