
{"id":93247,"date":"2021-02-21T12:44:54","date_gmt":"2021-02-21T15:44:54","guid":{"rendered":"https:\/\/www.sudoestehoje.com.br\/novoportal\/?p=93247"},"modified":"2021-02-21T12:44:54","modified_gmt":"2021-02-21T15:44:54","slug":"pt-namora-dona-do-magazine-luiza-para-ser-vice-na-chapa-de-haddad","status":"publish","type":"post","link":"https:\/\/www.sudoestehoje.com.br\/novoportal\/2021\/02\/21\/pt-namora-dona-do-magazine-luiza-para-ser-vice-na-chapa-de-haddad\/","title":{"rendered":"PT \u2018NAMORA\u2019 DONA DO MAGAZINE LUIZA PARA SER VICE NA CHAPA DE HADDAD"},"content":{"rendered":"<p><a href=\"https:\/\/www.sudoestehoje.com.br\/novoportal\/wp-content\/uploads\/2021\/02\/LUIZA-TRAJANO.jpg\"><img loading=\"lazy\" decoding=\"async\" class=\"aligncenter size-medium wp-image-93248\" src=\"https:\/\/www.sudoestehoje.com.br\/novoportal\/wp-content\/uploads\/2021\/02\/LUIZA-TRAJANO-500x265.jpg\" alt=\"\" width=\"500\" height=\"265\" srcset=\"https:\/\/www.sudoestehoje.com.br\/novoportal\/wp-content\/uploads\/2021\/02\/LUIZA-TRAJANO-500x265.jpg 500w, https:\/\/www.sudoestehoje.com.br\/novoportal\/wp-content\/uploads\/2021\/02\/LUIZA-TRAJANO-700x371.jpg 700w, https:\/\/www.sudoestehoje.com.br\/novoportal\/wp-content\/uploads\/2021\/02\/LUIZA-TRAJANO-768x407.jpg 768w, https:\/\/www.sudoestehoje.com.br\/novoportal\/wp-content\/uploads\/2021\/02\/LUIZA-TRAJANO.jpg 1000w\" sizes=\"auto, (max-width: 500px) 100vw, 500px\" \/><\/a><\/p>\n<p>Luiza Trajano, de 69 anos, \u00e9 a megaempres\u00e1ria e presidente do Conselho de Administra\u00e7\u00e3o da Magazine Luiza, que tem feito brilhar os olhos do apresentador Luciano Huck e do governador de S\u00e3o Paulo, Jo\u00e3o Doria (PSDB). O motivo: compor a chapa presidencial como vice de um dos dois nas pr\u00f3ximas elei\u00e7\u00f5es presidenciais, em 2022.<\/p>\n<p>Da mesma forma, por apresentar um perfil progressista, tem atra\u00eddo tamb\u00e9m a aten\u00e7\u00e3o de legendas como PT e PSB. Luiza \u00e9 apontada por lideran\u00e7as petistas como o novo nome do \u201ccapital\u201d que poderia compor uma chapa presidencial similar ao que ocorreu em 2002, com Luiz In\u00e1cio Lula da Silva e Jos\u00e9 Alencar.<\/p>\n<p>Luiza Trajano ainda n\u00e3o recebeu um convite de maneira oficial para se tornar pol\u00edtica e nega ter pretens\u00f5es eleitorais, mas, mesmo assim, viu seu nome entrar com for\u00e7a tamb\u00e9m no radar das articula\u00e7\u00f5es que buscam um(a) \u201coutsider\u201d para a pr\u00f3xima disputa presidencial.<\/p>\n<p>A empres\u00e1ria ostenta um curr\u00edculo respeit\u00e1vel como empreendedora de sucesso e militante. Ela foi fundadora e lidera simultaneamente os movimentos \u201cMulheres pelo Brasil\u201d, com bandeiras feministas e \u201cUnidos pela Vacina\u201d, al\u00e9m de atuar no Instituto de Desenvolvimento do Varejo (IDV), entidade que fundou ao lado do empres\u00e1rio Fl\u00e1vio Rocha, da Riachuelo.<\/p>\n<p>Luiza \u00e9 ainda uma ardorosa defensora das cotas e ganhou destaque na m\u00eddia no ano passado ao lan\u00e7ar um programa de\u00a0<em>trainee<\/em>\u00a0no Magazine Luiza exclusivo para negros.<\/p>\n","protected":false},"excerpt":{"rendered":"<p>Luiza Trajano, de 69 anos, \u00e9 a megaempres\u00e1ria e presidente do Conselho de Administra\u00e7\u00e3o da Magazine Luiza, que tem feito brilhar os olhos do apresentador Luciano Huck e do governador de S\u00e3o Paulo, Jo\u00e3o Doria (PSDB). O motivo: compor a chapa presidencial como vice de um dos dois nas pr\u00f3ximas elei\u00e7\u00f5es presidenciais, em 2022. Da [&hellip;]<\/p>\n","protected":false},"author":2,"featured_media":93248,"comment_status":"open","ping_status":"open","sticky":false,"template":"","format":"standard","meta":{"footnotes":"","_links_to":"","_links_to_target":""},"categories":[1],"tags":[],"class_list":["post-93247","post","type-post","status-publish","format-standard","has-post-thumbnail","hentry","category-geral"],"views":1019,"_links":{"self":[{"href":"https:\/\/www.sudoestehoje.com.br\/novoportal\/wp-json\/wp\/v2\/posts\/93247","targetHints":{"allow":["GET"]}}],"collection":[{"href":"https:\/\/www.sudoestehoje.com.br\/novoportal\/wp-json\/wp\/v2\/posts"}],"about":[{"href":"https:\/\/www.sudoestehoje.com.br\/novoportal\/wp-json\/wp\/v2\/types\/post"}],"author":[{"embeddable":true,"href":"https:\/\/www.sudoestehoje.com.br\/novoportal\/wp-json\/wp\/v2\/users\/2"}],"replies":[{"embeddable":true,"href":"https:\/\/www.sudoestehoje.com.br\/novoportal\/wp-json\/wp\/v2\/comments?post=93247"}],"version-history":[{"count":1,"href":"https:\/\/www.sudoestehoje.com.br\/novoportal\/wp-json\/wp\/v2\/posts\/93247\/revisions"}],"predecessor-version":[{"id":93249,"href":"https:\/\/www.sudoestehoje.com.br\/novoportal\/wp-json\/wp\/v2\/posts\/93247\/revisions\/93249"}],"wp:featuredmedia":[{"embeddable":true,"href":"https:\/\/www.sudoestehoje.com.br\/novoportal\/wp-json\/wp\/v2\/media\/93248"}],"wp:attachment":[{"href":"https:\/\/www.sudoestehoje.com.br\/novoportal\/wp-json\/wp\/v2\/media?parent=93247"}],"wp:term":[{"taxonomy":"category","embeddable":true,"href":"https:\/\/www.sudoestehoje.com.br\/novoportal\/wp-json\/wp\/v2\/categories?post=93247"},{"taxonomy":"post_tag","embeddable":true,"href":"https:\/\/www.sudoestehoje.com.br\/novoportal\/wp-json\/wp\/v2\/tags?post=93247"}],"curies":[{"name":"wp","href":"https:\/\/api.w.org\/{rel}","templated":true}]}}