
{"id":93239,"date":"2021-02-21T12:37:07","date_gmt":"2021-02-21T15:37:07","guid":{"rendered":"https:\/\/www.sudoestehoje.com.br\/novoportal\/?p=93239"},"modified":"2021-02-21T12:37:07","modified_gmt":"2021-02-21T15:37:07","slug":"vinte-e-tres-pessoas-desrespeitam-toque-de-recolher-no-segundo-dia-da-medida","status":"publish","type":"post","link":"https:\/\/www.sudoestehoje.com.br\/novoportal\/2021\/02\/21\/vinte-e-tres-pessoas-desrespeitam-toque-de-recolher-no-segundo-dia-da-medida\/","title":{"rendered":"VINTE E TR\u00caS PESSOAS DESRESPEITAM TOQUE DE RECOLHER NO SEGUNDO DIA DA MEDIDA"},"content":{"rendered":"<p><a href=\"https:\/\/www.sudoestehoje.com.br\/novoportal\/wp-content\/uploads\/2021\/02\/toque-de-recolher-bahia.jpeg\"><img loading=\"lazy\" decoding=\"async\" class=\"aligncenter size-medium wp-image-93240\" src=\"https:\/\/www.sudoestehoje.com.br\/novoportal\/wp-content\/uploads\/2021\/02\/toque-de-recolher-bahia-500x265.jpeg\" alt=\"\" width=\"500\" height=\"265\" srcset=\"https:\/\/www.sudoestehoje.com.br\/novoportal\/wp-content\/uploads\/2021\/02\/toque-de-recolher-bahia-500x265.jpeg 500w, https:\/\/www.sudoestehoje.com.br\/novoportal\/wp-content\/uploads\/2021\/02\/toque-de-recolher-bahia-700x371.jpeg 700w, https:\/\/www.sudoestehoje.com.br\/novoportal\/wp-content\/uploads\/2021\/02\/toque-de-recolher-bahia-768x407.jpeg 768w, https:\/\/www.sudoestehoje.com.br\/novoportal\/wp-content\/uploads\/2021\/02\/toque-de-recolher-bahia.jpeg 1000w\" sizes=\"auto, (max-width: 500px) 100vw, 500px\" \/><\/a><\/p>\n<p>Vinte e tr\u00eas pessoas foram autuadas por desrespeito ao toque de recolher, na Bahia, no segundo dia de cumprimento do decreto estadual. Os flagrantes aconteceram em Salvador, na Regi\u00e3o Metropolitana e em cidades do interior do estado.<\/p>\n<p>Entre 22h de s\u00e1bado (20) e 5h de domingo (21), uma pessoa foi conduzida e autuada, em Salvador. Outro infrator foi localizado no bairro de Itinga, na cidade de Lauro de Freitas.<\/p>\n<p>As outras autua\u00e7\u00f5es aconteceram nos munic\u00edpios de<strong> Teixeira de Freitas, Vit\u00f3ria da Conquista, Juazeiro, Jequi\u00e9, Tanha\u00e7u, Itap\u00e9, Camacan, Muniz Ferreira, Presidente Dutra, Itacar\u00e9, Barra da Estiva e Brumado.<\/strong><\/p>\n","protected":false},"excerpt":{"rendered":"<p>Vinte e tr\u00eas pessoas foram autuadas por desrespeito ao toque de recolher, na Bahia, no segundo dia de cumprimento do decreto estadual. Os flagrantes aconteceram em Salvador, na Regi\u00e3o Metropolitana e em cidades do interior do estado. Entre 22h de s\u00e1bado (20) e 5h de domingo (21), uma pessoa foi conduzida e autuada, em Salvador. [&hellip;]<\/p>\n","protected":false},"author":2,"featured_media":93240,"comment_status":"open","ping_status":"open","sticky":false,"template":"","format":"standard","meta":{"footnotes":"","_links_to":"","_links_to_target":""},"categories":[1],"tags":[],"class_list":["post-93239","post","type-post","status-publish","format-standard","has-post-thumbnail","hentry","category-geral"],"views":1000,"_links":{"self":[{"href":"https:\/\/www.sudoestehoje.com.br\/novoportal\/wp-json\/wp\/v2\/posts\/93239","targetHints":{"allow":["GET"]}}],"collection":[{"href":"https:\/\/www.sudoestehoje.com.br\/novoportal\/wp-json\/wp\/v2\/posts"}],"about":[{"href":"https:\/\/www.sudoestehoje.com.br\/novoportal\/wp-json\/wp\/v2\/types\/post"}],"author":[{"embeddable":true,"href":"https:\/\/www.sudoestehoje.com.br\/novoportal\/wp-json\/wp\/v2\/users\/2"}],"replies":[{"embeddable":true,"href":"https:\/\/www.sudoestehoje.com.br\/novoportal\/wp-json\/wp\/v2\/comments?post=93239"}],"version-history":[{"count":2,"href":"https:\/\/www.sudoestehoje.com.br\/novoportal\/wp-json\/wp\/v2\/posts\/93239\/revisions"}],"predecessor-version":[{"id":93242,"href":"https:\/\/www.sudoestehoje.com.br\/novoportal\/wp-json\/wp\/v2\/posts\/93239\/revisions\/93242"}],"wp:featuredmedia":[{"embeddable":true,"href":"https:\/\/www.sudoestehoje.com.br\/novoportal\/wp-json\/wp\/v2\/media\/93240"}],"wp:attachment":[{"href":"https:\/\/www.sudoestehoje.com.br\/novoportal\/wp-json\/wp\/v2\/media?parent=93239"}],"wp:term":[{"taxonomy":"category","embeddable":true,"href":"https:\/\/www.sudoestehoje.com.br\/novoportal\/wp-json\/wp\/v2\/categories?post=93239"},{"taxonomy":"post_tag","embeddable":true,"href":"https:\/\/www.sudoestehoje.com.br\/novoportal\/wp-json\/wp\/v2\/tags?post=93239"}],"curies":[{"name":"wp","href":"https:\/\/api.w.org\/{rel}","templated":true}]}}