
{"id":93236,"date":"2021-02-21T12:32:52","date_gmt":"2021-02-21T15:32:52","guid":{"rendered":"https:\/\/www.sudoestehoje.com.br\/novoportal\/?p=93236"},"modified":"2021-02-21T12:32:52","modified_gmt":"2021-02-21T15:32:52","slug":"pesquisa-aponta-que-58-sao-contra-a-volta-das-aulas-presenciais-na-bahia","status":"publish","type":"post","link":"https:\/\/www.sudoestehoje.com.br\/novoportal\/2021\/02\/21\/pesquisa-aponta-que-58-sao-contra-a-volta-das-aulas-presenciais-na-bahia\/","title":{"rendered":"PESQUISA APONTA QUE 58% S\u00c3O CONTRA A VOLTA DAS AULAS PRESENCIAIS NA BAHIA"},"content":{"rendered":"<p><a href=\"https:\/\/www.sudoestehoje.com.br\/novoportal\/wp-content\/uploads\/2021\/02\/SALA-DE-AULA-1000x530-1.jpg\"><img loading=\"lazy\" decoding=\"async\" class=\"aligncenter size-medium wp-image-93237\" src=\"https:\/\/www.sudoestehoje.com.br\/novoportal\/wp-content\/uploads\/2021\/02\/SALA-DE-AULA-1000x530-1-500x265.jpg\" alt=\"\" width=\"500\" height=\"265\" srcset=\"https:\/\/www.sudoestehoje.com.br\/novoportal\/wp-content\/uploads\/2021\/02\/SALA-DE-AULA-1000x530-1-500x265.jpg 500w, https:\/\/www.sudoestehoje.com.br\/novoportal\/wp-content\/uploads\/2021\/02\/SALA-DE-AULA-1000x530-1-700x371.jpg 700w, https:\/\/www.sudoestehoje.com.br\/novoportal\/wp-content\/uploads\/2021\/02\/SALA-DE-AULA-1000x530-1-768x407.jpg 768w, https:\/\/www.sudoestehoje.com.br\/novoportal\/wp-content\/uploads\/2021\/02\/SALA-DE-AULA-1000x530-1.jpg 1000w\" sizes=\"auto, (max-width: 500px) 100vw, 500px\" \/><\/a><\/p>\n<p>Pesquisa realizada pelo Instituto Potencial Intelig\u00eancia e publicada no jornal\u00a0<em>A Tarde<\/em>\u00a0de hoje aponta que a maioria dos respons\u00e1veis por estudantes matriculados nas redes p\u00fablica e particular \u00e9 contra o retorno das aulas presenciais na Bahia, em meio \u00e0 alta de casos de Covid-19 no estado.<\/p>\n<p>Segundo o levantamento, 58,3% afirmaram ser contra a volta das atividades nas escolas, enquanto 37,4% se posicionaram a favor. N\u00e3o souberam ou quiseram responder 4,3% das pessoas ouvidas.<\/p>\n<p>O maior percentual contr\u00e1rio ao retorno das aulas presenciais foi encontrado entre os respons\u00e1veis por alunos de escolas p\u00fablicas municipais. Ao todo, 60,6% se posicionaram contra os estudantes voltarem \u00e0s salas.<\/p>\n<p>A pesquisa mostra ainda que, em Salvador e Regi\u00e3o Metropolitana, h\u00e1 uma tend\u00eancia maior dos respons\u00e1veis se colocarem contra a volta das aulas presenciais, com percentuais de 62% e 65%, respectivamente. J\u00e1 no interior, 54% disseram n\u00e3o querer o retorno das atividades nas escolas.<\/p>\n","protected":false},"excerpt":{"rendered":"<p>Pesquisa realizada pelo Instituto Potencial Intelig\u00eancia e publicada no jornal\u00a0A Tarde\u00a0de hoje aponta que a maioria dos respons\u00e1veis por estudantes matriculados nas redes p\u00fablica e particular \u00e9 contra o retorno das aulas presenciais na Bahia, em meio \u00e0 alta de casos de Covid-19 no estado. Segundo o levantamento, 58,3% afirmaram ser contra a volta das [&hellip;]<\/p>\n","protected":false},"author":2,"featured_media":93237,"comment_status":"open","ping_status":"open","sticky":false,"template":"","format":"standard","meta":{"footnotes":"","_links_to":"","_links_to_target":""},"categories":[1],"tags":[],"class_list":["post-93236","post","type-post","status-publish","format-standard","has-post-thumbnail","hentry","category-geral"],"views":801,"_links":{"self":[{"href":"https:\/\/www.sudoestehoje.com.br\/novoportal\/wp-json\/wp\/v2\/posts\/93236","targetHints":{"allow":["GET"]}}],"collection":[{"href":"https:\/\/www.sudoestehoje.com.br\/novoportal\/wp-json\/wp\/v2\/posts"}],"about":[{"href":"https:\/\/www.sudoestehoje.com.br\/novoportal\/wp-json\/wp\/v2\/types\/post"}],"author":[{"embeddable":true,"href":"https:\/\/www.sudoestehoje.com.br\/novoportal\/wp-json\/wp\/v2\/users\/2"}],"replies":[{"embeddable":true,"href":"https:\/\/www.sudoestehoje.com.br\/novoportal\/wp-json\/wp\/v2\/comments?post=93236"}],"version-history":[{"count":1,"href":"https:\/\/www.sudoestehoje.com.br\/novoportal\/wp-json\/wp\/v2\/posts\/93236\/revisions"}],"predecessor-version":[{"id":93238,"href":"https:\/\/www.sudoestehoje.com.br\/novoportal\/wp-json\/wp\/v2\/posts\/93236\/revisions\/93238"}],"wp:featuredmedia":[{"embeddable":true,"href":"https:\/\/www.sudoestehoje.com.br\/novoportal\/wp-json\/wp\/v2\/media\/93237"}],"wp:attachment":[{"href":"https:\/\/www.sudoestehoje.com.br\/novoportal\/wp-json\/wp\/v2\/media?parent=93236"}],"wp:term":[{"taxonomy":"category","embeddable":true,"href":"https:\/\/www.sudoestehoje.com.br\/novoportal\/wp-json\/wp\/v2\/categories?post=93236"},{"taxonomy":"post_tag","embeddable":true,"href":"https:\/\/www.sudoestehoje.com.br\/novoportal\/wp-json\/wp\/v2\/tags?post=93236"}],"curies":[{"name":"wp","href":"https:\/\/api.w.org\/{rel}","templated":true}]}}