
{"id":93225,"date":"2021-02-20T21:43:51","date_gmt":"2021-02-21T00:43:51","guid":{"rendered":"https:\/\/www.sudoestehoje.com.br\/novoportal\/?p=93225"},"modified":"2021-02-20T23:28:54","modified_gmt":"2021-02-21T02:28:54","slug":"itapetinga-alta-incidencia-da-covid-19-em-itororo-preocupa-moradores-de-bandeira-do-colonia","status":"publish","type":"post","link":"https:\/\/www.sudoestehoje.com.br\/novoportal\/2021\/02\/20\/itapetinga-alta-incidencia-da-covid-19-em-itororo-preocupa-moradores-de-bandeira-do-colonia\/","title":{"rendered":"V\u00cdDEO BATV: ALTA INCID\u00caNCIA DA COVID-19 EM ITOROR\u00d3, PREOCUPA MORADORES DE BANDEIRA DO COL\u00d4NIA"},"content":{"rendered":"<p><a href=\"https:\/\/www.sudoestehoje.com.br\/novoportal\/wp-content\/uploads\/2021\/02\/BATV-ITORORO.jpeg\"><img loading=\"lazy\" decoding=\"async\" class=\"aligncenter size-medium wp-image-93228\" src=\"https:\/\/www.sudoestehoje.com.br\/novoportal\/wp-content\/uploads\/2021\/02\/BATV-ITORORO-500x243.jpeg\" alt=\"\" width=\"500\" height=\"243\" srcset=\"https:\/\/www.sudoestehoje.com.br\/novoportal\/wp-content\/uploads\/2021\/02\/BATV-ITORORO-500x243.jpeg 500w, https:\/\/www.sudoestehoje.com.br\/novoportal\/wp-content\/uploads\/2021\/02\/BATV-ITORORO-700x340.jpeg 700w, https:\/\/www.sudoestehoje.com.br\/novoportal\/wp-content\/uploads\/2021\/02\/BATV-ITORORO-768x373.jpeg 768w, https:\/\/www.sudoestehoje.com.br\/novoportal\/wp-content\/uploads\/2021\/02\/BATV-ITORORO.jpeg 1280w\" sizes=\"auto, (max-width: 500px) 100vw, 500px\" \/><\/a><\/p>\n<p>Nos \u00faltimos meses, o munic\u00edpio de Itoror\u00f3, no M\u00e9dio Sudoeste da Bahia, vem ostentando a 2\u00aa coloca\u00e7\u00e3o no ranking dos munic\u00edpios baianos com maior coeficiente de incid\u00eancia da Covid-19 no Estado, o que vem causando enorme preocupa\u00e7\u00e3o \u00e0 sua popula\u00e7\u00e3o, apesar da Secretaria de Sa\u00fade do Munic\u00edpio minimizar a grave situa\u00e7\u00e3o.<\/p>\n<p>A contamina\u00e7\u00e3o em Itoror\u00f3 \u00e9 grav\u00edssima e foi objeto de reportagem do BATV, da Rede Bahia (Globo), na \u00faltima quinta-feira (18), mas o <strong><em>Sudoeste Hoje<\/em><\/strong> j\u00e1 vinha chamando \u00e0 aten\u00e7\u00e3o das autoridades locais, desde o m\u00eas de janeiro passado, que emitiram nota p\u00fablica negando a gravidade e at\u00e9 tratando a reportagem deste blog como &#8216;Fake News&#8217;.<\/p>\n<p>No distrito de Bandeira do Col\u00f4nia, que pertence ao munic\u00edpio de Itapetinga, a preocupa\u00e7\u00e3o aumentou com a divulga\u00e7\u00e3o dos dados pela BATV, j\u00e1 que est\u00e1 localizado ao lado de Itoror\u00f3, como uma esp\u00e9cie de bairro da &#8216;Terra da Carne de Sol&#8217;.<\/p>\n<p>A alta contamina\u00e7\u00e3o em Itoror\u00f3, que j\u00e1 atinge mais de 11% da sua popula\u00e7\u00e3o \u00e9, sem sobra de d\u00favidas, fruto do descaso e irresponsabilidade dos seus gestores, que nomeiam familiares inexperientes e sem nenhum prapar0, para dirigir as a\u00e7\u00f5es da sa\u00fade no munic\u00edpio.<\/p>\n<p>De tabela, a popula\u00e7\u00e3o itapetinguense de Bandeira do Col\u00f4nia, pode estar <em>&#8216;pagando o pato&#8217;.<\/em><\/p>\n<div style=\"width: 1280px;\" class=\"wp-video\"><!--[if lt IE 9]><script>document.createElement('video');<\/script><![endif]-->\n<video class=\"wp-video-shortcode\" id=\"video-93225-1\" width=\"1280\" height=\"720\" preload=\"metadata\" controls=\"controls\"><source type=\"video\/mp4\" src=\"https:\/\/www.sudoestehoje.com.br\/novoportal\/wp-content\/uploads\/2021\/02\/VIDEO-BATV.mp4?_=1\" \/><a href=\"https:\/\/www.sudoestehoje.com.br\/novoportal\/wp-content\/uploads\/2021\/02\/VIDEO-BATV.mp4\">https:\/\/www.sudoestehoje.com.br\/novoportal\/wp-content\/uploads\/2021\/02\/VIDEO-BATV.mp4<\/a><\/video><\/div>\n<p><em><strong>Por Davi Ferraz\u00a0\u00a0<\/strong><\/em><\/p>\n","protected":false},"excerpt":{"rendered":"<p>Nos \u00faltimos meses, o munic\u00edpio de Itoror\u00f3, no M\u00e9dio Sudoeste da Bahia, vem ostentando a 2\u00aa coloca\u00e7\u00e3o no ranking dos munic\u00edpios baianos com maior coeficiente de incid\u00eancia da Covid-19 no Estado, o que vem causando enorme preocupa\u00e7\u00e3o \u00e0 sua popula\u00e7\u00e3o, apesar da Secretaria de Sa\u00fade do Munic\u00edpio minimizar a grave situa\u00e7\u00e3o. A contamina\u00e7\u00e3o em Itoror\u00f3 [&hellip;]<\/p>\n","protected":false},"author":2,"featured_media":93228,"comment_status":"open","ping_status":"open","sticky":false,"template":"","format":"standard","meta":{"footnotes":"","_links_to":"","_links_to_target":""},"categories":[1],"tags":[],"class_list":["post-93225","post","type-post","status-publish","format-standard","has-post-thumbnail","hentry","category-geral"],"views":1399,"_links":{"self":[{"href":"https:\/\/www.sudoestehoje.com.br\/novoportal\/wp-json\/wp\/v2\/posts\/93225","targetHints":{"allow":["GET"]}}],"collection":[{"href":"https:\/\/www.sudoestehoje.com.br\/novoportal\/wp-json\/wp\/v2\/posts"}],"about":[{"href":"https:\/\/www.sudoestehoje.com.br\/novoportal\/wp-json\/wp\/v2\/types\/post"}],"author":[{"embeddable":true,"href":"https:\/\/www.sudoestehoje.com.br\/novoportal\/wp-json\/wp\/v2\/users\/2"}],"replies":[{"embeddable":true,"href":"https:\/\/www.sudoestehoje.com.br\/novoportal\/wp-json\/wp\/v2\/comments?post=93225"}],"version-history":[{"count":7,"href":"https:\/\/www.sudoestehoje.com.br\/novoportal\/wp-json\/wp\/v2\/posts\/93225\/revisions"}],"predecessor-version":[{"id":93235,"href":"https:\/\/www.sudoestehoje.com.br\/novoportal\/wp-json\/wp\/v2\/posts\/93225\/revisions\/93235"}],"wp:featuredmedia":[{"embeddable":true,"href":"https:\/\/www.sudoestehoje.com.br\/novoportal\/wp-json\/wp\/v2\/media\/93228"}],"wp:attachment":[{"href":"https:\/\/www.sudoestehoje.com.br\/novoportal\/wp-json\/wp\/v2\/media?parent=93225"}],"wp:term":[{"taxonomy":"category","embeddable":true,"href":"https:\/\/www.sudoestehoje.com.br\/novoportal\/wp-json\/wp\/v2\/categories?post=93225"},{"taxonomy":"post_tag","embeddable":true,"href":"https:\/\/www.sudoestehoje.com.br\/novoportal\/wp-json\/wp\/v2\/tags?post=93225"}],"curies":[{"name":"wp","href":"https:\/\/api.w.org\/{rel}","templated":true}]}}