
{"id":93196,"date":"2021-02-19T20:27:51","date_gmt":"2021-02-19T23:27:51","guid":{"rendered":"https:\/\/www.sudoestehoje.com.br\/novoportal\/?p=93196"},"modified":"2021-02-19T20:27:51","modified_gmt":"2021-02-19T23:27:51","slug":"com-covid-19-secretario-de-saude-da-bahia-e-internado-no-hospital-alianca","status":"publish","type":"post","link":"https:\/\/www.sudoestehoje.com.br\/novoportal\/2021\/02\/19\/com-covid-19-secretario-de-saude-da-bahia-e-internado-no-hospital-alianca\/","title":{"rendered":"COM COVID-19, SECRET\u00c1RIO DE SA\u00daDE DA BAHIA \u00c9 INTERNADO NO HOSPITAL ALIAN\u00c7A"},"content":{"rendered":"<p><a href=\"https:\/\/www.sudoestehoje.com.br\/novoportal\/wp-content\/uploads\/2021\/02\/VILAS-BOAS.jpg\"><img loading=\"lazy\" decoding=\"async\" class=\"aligncenter size-medium wp-image-93201\" src=\"https:\/\/www.sudoestehoje.com.br\/novoportal\/wp-content\/uploads\/2021\/02\/VILAS-BOAS-500x333.jpg\" alt=\"\" width=\"500\" height=\"333\" srcset=\"https:\/\/www.sudoestehoje.com.br\/novoportal\/wp-content\/uploads\/2021\/02\/VILAS-BOAS-500x333.jpg 500w, https:\/\/www.sudoestehoje.com.br\/novoportal\/wp-content\/uploads\/2021\/02\/VILAS-BOAS-700x467.jpg 700w, https:\/\/www.sudoestehoje.com.br\/novoportal\/wp-content\/uploads\/2021\/02\/VILAS-BOAS-768x512.jpg 768w, https:\/\/www.sudoestehoje.com.br\/novoportal\/wp-content\/uploads\/2021\/02\/VILAS-BOAS.jpg 1140w\" sizes=\"auto, (max-width: 500px) 100vw, 500px\" \/><\/a><\/p>\n<p>Infectado com a Covid-19, o secret\u00e1rio da Sa\u00fade do Estado (Sesab), F\u00e1bio Vilas-Boas, foi internado num leito cl\u00ednico do Hospital Alian\u00e7a. A informa\u00e7\u00e3o foi divulgada na noite desta sexta-feira (19) por meio de um comunicado emitido pela pasta.<\/p>\n<p>De acordo com a nota disponibilizada \u00e0 imprensa, o quadro cl\u00ednico dele \u00e9 est\u00e1vel. No entanto, ele apresenta dessatura\u00e7\u00e3o de oxig\u00eanio.<\/p>\n","protected":false},"excerpt":{"rendered":"<p>Infectado com a Covid-19, o secret\u00e1rio da Sa\u00fade do Estado (Sesab), F\u00e1bio Vilas-Boas, foi internado num leito cl\u00ednico do Hospital Alian\u00e7a. A informa\u00e7\u00e3o foi divulgada na noite desta sexta-feira (19) por meio de um comunicado emitido pela pasta. De acordo com a nota disponibilizada \u00e0 imprensa, o quadro cl\u00ednico dele \u00e9 est\u00e1vel. No entanto, ele [&hellip;]<\/p>\n","protected":false},"author":2,"featured_media":93200,"comment_status":"open","ping_status":"open","sticky":false,"template":"","format":"standard","meta":{"footnotes":"","_links_to":"","_links_to_target":""},"categories":[1],"tags":[],"class_list":["post-93196","post","type-post","status-publish","format-standard","has-post-thumbnail","hentry","category-geral"],"views":811,"_links":{"self":[{"href":"https:\/\/www.sudoestehoje.com.br\/novoportal\/wp-json\/wp\/v2\/posts\/93196","targetHints":{"allow":["GET"]}}],"collection":[{"href":"https:\/\/www.sudoestehoje.com.br\/novoportal\/wp-json\/wp\/v2\/posts"}],"about":[{"href":"https:\/\/www.sudoestehoje.com.br\/novoportal\/wp-json\/wp\/v2\/types\/post"}],"author":[{"embeddable":true,"href":"https:\/\/www.sudoestehoje.com.br\/novoportal\/wp-json\/wp\/v2\/users\/2"}],"replies":[{"embeddable":true,"href":"https:\/\/www.sudoestehoje.com.br\/novoportal\/wp-json\/wp\/v2\/comments?post=93196"}],"version-history":[{"count":2,"href":"https:\/\/www.sudoestehoje.com.br\/novoportal\/wp-json\/wp\/v2\/posts\/93196\/revisions"}],"predecessor-version":[{"id":93202,"href":"https:\/\/www.sudoestehoje.com.br\/novoportal\/wp-json\/wp\/v2\/posts\/93196\/revisions\/93202"}],"wp:featuredmedia":[{"embeddable":true,"href":"https:\/\/www.sudoestehoje.com.br\/novoportal\/wp-json\/wp\/v2\/media\/93200"}],"wp:attachment":[{"href":"https:\/\/www.sudoestehoje.com.br\/novoportal\/wp-json\/wp\/v2\/media?parent=93196"}],"wp:term":[{"taxonomy":"category","embeddable":true,"href":"https:\/\/www.sudoestehoje.com.br\/novoportal\/wp-json\/wp\/v2\/categories?post=93196"},{"taxonomy":"post_tag","embeddable":true,"href":"https:\/\/www.sudoestehoje.com.br\/novoportal\/wp-json\/wp\/v2\/tags?post=93196"}],"curies":[{"name":"wp","href":"https:\/\/api.w.org\/{rel}","templated":true}]}}