
{"id":93192,"date":"2021-02-19T20:15:21","date_gmt":"2021-02-19T23:15:21","guid":{"rendered":"https:\/\/www.sudoestehoje.com.br\/novoportal\/?p=93192"},"modified":"2021-02-19T20:15:21","modified_gmt":"2021-02-19T23:15:21","slug":"decreto-do-governo-prorroga-proibicao-de-aulas-e-shows-em-toda-a-bahia","status":"publish","type":"post","link":"https:\/\/www.sudoestehoje.com.br\/novoportal\/2021\/02\/19\/decreto-do-governo-prorroga-proibicao-de-aulas-e-shows-em-toda-a-bahia\/","title":{"rendered":"DECRETO DO GOVERNO PRORROGA PROIBI\u00c7\u00c3O DE AULAS E SHOWS EM TODA A BAHIA"},"content":{"rendered":"<p><a href=\"https:\/\/www.sudoestehoje.com.br\/novoportal\/wp-content\/uploads\/2021\/02\/AULAS-BAHIA.jpg\"><img loading=\"lazy\" decoding=\"async\" class=\"aligncenter size-medium wp-image-93194\" src=\"https:\/\/www.sudoestehoje.com.br\/novoportal\/wp-content\/uploads\/2021\/02\/AULAS-BAHIA-500x250.jpg\" alt=\"\" width=\"500\" height=\"250\" srcset=\"https:\/\/www.sudoestehoje.com.br\/novoportal\/wp-content\/uploads\/2021\/02\/AULAS-BAHIA-500x250.jpg 500w, https:\/\/www.sudoestehoje.com.br\/novoportal\/wp-content\/uploads\/2021\/02\/AULAS-BAHIA.jpg 640w\" sizes=\"auto, (max-width: 500px) 100vw, 500px\" \/><\/a><\/p>\n<p>Os shows e as aulas nas unidades de ensino das redes p\u00fablica e privada continuam suspensos em toda a Bahia. O Governo do Estado decidiu prorrogar at\u00e9 28 de fevereiro o decreto n\u00ba 19.586, que venceria no pr\u00f3ximo domingo (21). A prorroga\u00e7\u00e3o ser\u00e1 publicada no Di\u00e1rio Oficial do Estado (DOE) deste s\u00e1bado (20).<\/p>\n<p>O decreto ainda pro\u00edbe a realiza\u00e7\u00e3o de atividades com p\u00fablico superior a 200 pessoas, como passeatas, feiras, circos, eventos cient\u00edficos, desportivos e religiosos. Shows e festas, p\u00fablicas ou privadas, seguem proibidos independentemente do n\u00famero de participantes.<\/p>\n<p>Cerim\u00f4nias de casamento e solenidades de formatura podem ser realizadas desde que limitadas a at\u00e9 200 pessoas. A parte festiva desses eventos n\u00e3o est\u00e1 permitida.<\/p>\n","protected":false},"excerpt":{"rendered":"<p>Os shows e as aulas nas unidades de ensino das redes p\u00fablica e privada continuam suspensos em toda a Bahia. O Governo do Estado decidiu prorrogar at\u00e9 28 de fevereiro o decreto n\u00ba 19.586, que venceria no pr\u00f3ximo domingo (21). A prorroga\u00e7\u00e3o ser\u00e1 publicada no Di\u00e1rio Oficial do Estado (DOE) deste s\u00e1bado (20). O decreto [&hellip;]<\/p>\n","protected":false},"author":2,"featured_media":93194,"comment_status":"open","ping_status":"open","sticky":false,"template":"","format":"standard","meta":{"footnotes":"","_links_to":"","_links_to_target":""},"categories":[1],"tags":[],"class_list":["post-93192","post","type-post","status-publish","format-standard","has-post-thumbnail","hentry","category-geral"],"views":807,"_links":{"self":[{"href":"https:\/\/www.sudoestehoje.com.br\/novoportal\/wp-json\/wp\/v2\/posts\/93192","targetHints":{"allow":["GET"]}}],"collection":[{"href":"https:\/\/www.sudoestehoje.com.br\/novoportal\/wp-json\/wp\/v2\/posts"}],"about":[{"href":"https:\/\/www.sudoestehoje.com.br\/novoportal\/wp-json\/wp\/v2\/types\/post"}],"author":[{"embeddable":true,"href":"https:\/\/www.sudoestehoje.com.br\/novoportal\/wp-json\/wp\/v2\/users\/2"}],"replies":[{"embeddable":true,"href":"https:\/\/www.sudoestehoje.com.br\/novoportal\/wp-json\/wp\/v2\/comments?post=93192"}],"version-history":[{"count":2,"href":"https:\/\/www.sudoestehoje.com.br\/novoportal\/wp-json\/wp\/v2\/posts\/93192\/revisions"}],"predecessor-version":[{"id":93195,"href":"https:\/\/www.sudoestehoje.com.br\/novoportal\/wp-json\/wp\/v2\/posts\/93192\/revisions\/93195"}],"wp:featuredmedia":[{"embeddable":true,"href":"https:\/\/www.sudoestehoje.com.br\/novoportal\/wp-json\/wp\/v2\/media\/93194"}],"wp:attachment":[{"href":"https:\/\/www.sudoestehoje.com.br\/novoportal\/wp-json\/wp\/v2\/media?parent=93192"}],"wp:term":[{"taxonomy":"category","embeddable":true,"href":"https:\/\/www.sudoestehoje.com.br\/novoportal\/wp-json\/wp\/v2\/categories?post=93192"},{"taxonomy":"post_tag","embeddable":true,"href":"https:\/\/www.sudoestehoje.com.br\/novoportal\/wp-json\/wp\/v2\/tags?post=93192"}],"curies":[{"name":"wp","href":"https:\/\/api.w.org\/{rel}","templated":true}]}}