
{"id":93188,"date":"2021-02-19T20:04:10","date_gmt":"2021-02-19T23:04:10","guid":{"rendered":"https:\/\/www.sudoestehoje.com.br\/novoportal\/?p=93188"},"modified":"2021-02-19T20:04:10","modified_gmt":"2021-02-19T23:04:10","slug":"bolsonaro-anuncia-demissao-do-presidente-da-petrobras-e-indica-general-para-o-posto","status":"publish","type":"post","link":"https:\/\/www.sudoestehoje.com.br\/novoportal\/2021\/02\/19\/bolsonaro-anuncia-demissao-do-presidente-da-petrobras-e-indica-general-para-o-posto\/","title":{"rendered":"BOLSONARO ANUNCIA DEMISS\u00c3O DO PRESIDENTE DA PETROBRAS E INDICA GENERAL PARA O POSTO"},"content":{"rendered":"<p><a href=\"https:\/\/www.sudoestehoje.com.br\/novoportal\/wp-content\/uploads\/2021\/02\/general.jpg\"><img loading=\"lazy\" decoding=\"async\" class=\"aligncenter size-medium wp-image-93190\" src=\"https:\/\/www.sudoestehoje.com.br\/novoportal\/wp-content\/uploads\/2021\/02\/general-500x281.jpg\" alt=\"\" width=\"500\" height=\"281\" srcset=\"https:\/\/www.sudoestehoje.com.br\/novoportal\/wp-content\/uploads\/2021\/02\/general-500x281.jpg 500w, https:\/\/www.sudoestehoje.com.br\/novoportal\/wp-content\/uploads\/2021\/02\/general-700x393.jpg 700w, https:\/\/www.sudoestehoje.com.br\/novoportal\/wp-content\/uploads\/2021\/02\/general-768x431.jpg 768w, https:\/\/www.sudoestehoje.com.br\/novoportal\/wp-content\/uploads\/2021\/02\/general.jpg 1280w\" sizes=\"auto, (max-width: 500px) 100vw, 500px\" \/><\/a><\/p>\n<p>O presidente Jair Bolsonaro (sem partido) anunciou nesta sexta-feira (19) que substituir\u00e1 o atual presidente da Petrobras, Roberto Castello Branco, pelo general Joaquim Silva e Luna. O an\u00fancio foi feito em rede social.<\/p>\n<p>&#8220;O governo decidiu indicar o senhor Joaquim Silva e Luna para cumprir uma nova miss\u00e3o, como conselheiro de administra\u00e7\u00e3o e presidente da Petrobras, ap\u00f3s o encerramento do ciclo, superior a dois anos, do atual presidente, senhor Roberto Castello Branco&#8221;, afirma o presidente.<\/p>\n<p>O an\u00fancio acontece um dia depois de Jair Bolsonaro fazer cr\u00edticas \u00e0 gest\u00e3o da Petrobras e \u00e0s sucessivas altas no pre\u00e7o dos combust\u00edveis.<\/p>\n<p>&#8220;Nesses dois meses n\u00f3s vamos estudar uma maneira definitiva de buscar zerar o imposto para ajudar a contrabalancear esses aumentos, no meu entender excessivo, da Petrobras. Mas eu n\u00e3o posso interferir, nem iria interferir na Petrobras, se bem que alguma coisa vai acontecer na Petrobras nos pr\u00f3ximos dias, voc\u00ea tem que mudar alguma coisa, vai acontecer&#8221;, disse em transmiss\u00e3o na quinta.<\/p>\n","protected":false},"excerpt":{"rendered":"<p>O presidente Jair Bolsonaro (sem partido) anunciou nesta sexta-feira (19) que substituir\u00e1 o atual presidente da Petrobras, Roberto Castello Branco, pelo general Joaquim Silva e Luna. O an\u00fancio foi feito em rede social. &#8220;O governo decidiu indicar o senhor Joaquim Silva e Luna para cumprir uma nova miss\u00e3o, como conselheiro de administra\u00e7\u00e3o e presidente da [&hellip;]<\/p>\n","protected":false},"author":2,"featured_media":93190,"comment_status":"open","ping_status":"open","sticky":false,"template":"","format":"standard","meta":{"footnotes":"","_links_to":"","_links_to_target":""},"categories":[1],"tags":[],"class_list":["post-93188","post","type-post","status-publish","format-standard","has-post-thumbnail","hentry","category-geral"],"views":1071,"_links":{"self":[{"href":"https:\/\/www.sudoestehoje.com.br\/novoportal\/wp-json\/wp\/v2\/posts\/93188","targetHints":{"allow":["GET"]}}],"collection":[{"href":"https:\/\/www.sudoestehoje.com.br\/novoportal\/wp-json\/wp\/v2\/posts"}],"about":[{"href":"https:\/\/www.sudoestehoje.com.br\/novoportal\/wp-json\/wp\/v2\/types\/post"}],"author":[{"embeddable":true,"href":"https:\/\/www.sudoestehoje.com.br\/novoportal\/wp-json\/wp\/v2\/users\/2"}],"replies":[{"embeddable":true,"href":"https:\/\/www.sudoestehoje.com.br\/novoportal\/wp-json\/wp\/v2\/comments?post=93188"}],"version-history":[{"count":2,"href":"https:\/\/www.sudoestehoje.com.br\/novoportal\/wp-json\/wp\/v2\/posts\/93188\/revisions"}],"predecessor-version":[{"id":93191,"href":"https:\/\/www.sudoestehoje.com.br\/novoportal\/wp-json\/wp\/v2\/posts\/93188\/revisions\/93191"}],"wp:featuredmedia":[{"embeddable":true,"href":"https:\/\/www.sudoestehoje.com.br\/novoportal\/wp-json\/wp\/v2\/media\/93190"}],"wp:attachment":[{"href":"https:\/\/www.sudoestehoje.com.br\/novoportal\/wp-json\/wp\/v2\/media?parent=93188"}],"wp:term":[{"taxonomy":"category","embeddable":true,"href":"https:\/\/www.sudoestehoje.com.br\/novoportal\/wp-json\/wp\/v2\/categories?post=93188"},{"taxonomy":"post_tag","embeddable":true,"href":"https:\/\/www.sudoestehoje.com.br\/novoportal\/wp-json\/wp\/v2\/tags?post=93188"}],"curies":[{"name":"wp","href":"https:\/\/api.w.org\/{rel}","templated":true}]}}