
{"id":93181,"date":"2021-02-18T23:01:54","date_gmt":"2021-02-19T02:01:54","guid":{"rendered":"https:\/\/www.sudoestehoje.com.br\/novoportal\/?p=93181"},"modified":"2021-02-18T23:01:54","modified_gmt":"2021-02-19T02:01:54","slug":"itapetinga-camara-de-vereadores-inicia-trabalhos-legislativos-de-2021","status":"publish","type":"post","link":"https:\/\/www.sudoestehoje.com.br\/novoportal\/2021\/02\/18\/itapetinga-camara-de-vereadores-inicia-trabalhos-legislativos-de-2021\/","title":{"rendered":"ITAPETINGA: C\u00c2MARA DE VEREADORES INICIA TRABALHOS LEGISLATIVOS DE 2021"},"content":{"rendered":"<p><a href=\"https:\/\/www.sudoestehoje.com.br\/novoportal\/wp-content\/uploads\/2021\/02\/SESS\u00c3O-CAMARA-2.jpeg\"><img loading=\"lazy\" decoding=\"async\" class=\"aligncenter size-medium wp-image-93183\" src=\"https:\/\/www.sudoestehoje.com.br\/novoportal\/wp-content\/uploads\/2021\/02\/SESS\u00c3O-CAMARA-2-500x575.jpeg\" alt=\"\" width=\"500\" height=\"575\" srcset=\"https:\/\/www.sudoestehoje.com.br\/novoportal\/wp-content\/uploads\/2021\/02\/SESS\u00c3O-CAMARA-2-500x575.jpeg 500w, https:\/\/www.sudoestehoje.com.br\/novoportal\/wp-content\/uploads\/2021\/02\/SESS\u00c3O-CAMARA-2-700x804.jpeg 700w, https:\/\/www.sudoestehoje.com.br\/novoportal\/wp-content\/uploads\/2021\/02\/SESS\u00c3O-CAMARA-2-768x882.jpeg 768w, https:\/\/www.sudoestehoje.com.br\/novoportal\/wp-content\/uploads\/2021\/02\/SESS\u00c3O-CAMARA-2.jpeg 1114w\" sizes=\"auto, (max-width: 500px) 100vw, 500px\" \/><\/a><\/p>\n<p>A C\u00e2mara Municipal de Itapetinga iniciou os trabalhos legislativos de 2021 na manh\u00e3 desta quinta-feira (18). A sess\u00e3o solene foi realizada de forma virtual e com a participa\u00e7\u00e3o do prefeito Rodrigo Hagge (MDB), que fez a leitura da mensagem anual.<\/p>\n<p>O prefeito disse que construiu com a Casa Legislativa uma positiva rela\u00e7\u00e3o.<em> \u201cConseguimos trabalhar de forma harmoniosa, como prev\u00ea a legisla\u00e7\u00e3o, sempre mantendo o nobre objetivo de buscar o melhor para o nosso munic\u00edpio. O resultado \u00e9 uma cidade em franco desenvolvimento, que vem vencendo as adversidades por ter constru\u00eddo uma base s\u00f3lida com um trabalho p\u00fablico corajoso, competente e respons\u00e1vel\u201d<\/em>, avaliou. Hagge falou sobre as metas de governo para os pr\u00f3ximos anos, entre elas a de levar a cidade a ser refer\u00eancia em todo o estado.<\/p>\n<p><a href=\"https:\/\/www.sudoestehoje.com.br\/novoportal\/wp-content\/uploads\/2021\/02\/SESS\u00c3O-CAMARA-1.jpeg\"><img loading=\"lazy\" decoding=\"async\" class=\"aligncenter size-medium wp-image-93184\" src=\"https:\/\/www.sudoestehoje.com.br\/novoportal\/wp-content\/uploads\/2021\/02\/SESS\u00c3O-CAMARA-1-500x375.jpeg\" alt=\"\" width=\"500\" height=\"375\" srcset=\"https:\/\/www.sudoestehoje.com.br\/novoportal\/wp-content\/uploads\/2021\/02\/SESS\u00c3O-CAMARA-1-500x375.jpeg 500w, https:\/\/www.sudoestehoje.com.br\/novoportal\/wp-content\/uploads\/2021\/02\/SESS\u00c3O-CAMARA-1-700x525.jpeg 700w, https:\/\/www.sudoestehoje.com.br\/novoportal\/wp-content\/uploads\/2021\/02\/SESS\u00c3O-CAMARA-1-768x576.jpeg 768w, https:\/\/www.sudoestehoje.com.br\/novoportal\/wp-content\/uploads\/2021\/02\/SESS\u00c3O-CAMARA-1.jpeg 1280w\" sizes=\"auto, (max-width: 500px) 100vw, 500px\" \/><\/a><\/p>\n<p>Em seu discurso, o presidente da C\u00e2mara de Vereadores, L\u00e9o Matos (PSD), afirmou que buscar\u00e1 o di\u00e1logo e defendeu o trabalho em parceria e de forma transparente. <em>\u201cA partir deste momento, n\u00e3o existem mais candidaturas, n\u00e3o existem mais divis\u00f5es. Vamos dar as m\u00e3os, nos afastar da disputa pol\u00edtica, para que cada um possa dar a sua contribui\u00e7\u00e3o na supera\u00e7\u00e3o da pandemia e na retomada do crescimento econ\u00f4mico. Esse ser\u00e1 o nosso foco\u201d<\/em>, declarou.<\/p>\n<p>A pr\u00f3xima sess\u00e3o ser\u00e1 realizada na quarta-feira (24), \u00e0s 10 horas, por meio de plataforma digital e transmitida ao vivo pelo canal oficial da C\u00e2mara no YouTube e pela Fascina\u00e7\u00e3o AM.<\/p>\n","protected":false},"excerpt":{"rendered":"<p>A C\u00e2mara Municipal de Itapetinga iniciou os trabalhos legislativos de 2021 na manh\u00e3 desta quinta-feira (18). A sess\u00e3o solene foi realizada de forma virtual e com a participa\u00e7\u00e3o do prefeito Rodrigo Hagge (MDB), que fez a leitura da mensagem anual. O prefeito disse que construiu com a Casa Legislativa uma positiva rela\u00e7\u00e3o. \u201cConseguimos trabalhar de [&hellip;]<\/p>\n","protected":false},"author":2,"featured_media":93183,"comment_status":"open","ping_status":"open","sticky":false,"template":"","format":"standard","meta":{"footnotes":"","_links_to":"","_links_to_target":""},"categories":[1],"tags":[],"class_list":["post-93181","post","type-post","status-publish","format-standard","has-post-thumbnail","hentry","category-geral"],"views":787,"_links":{"self":[{"href":"https:\/\/www.sudoestehoje.com.br\/novoportal\/wp-json\/wp\/v2\/posts\/93181","targetHints":{"allow":["GET"]}}],"collection":[{"href":"https:\/\/www.sudoestehoje.com.br\/novoportal\/wp-json\/wp\/v2\/posts"}],"about":[{"href":"https:\/\/www.sudoestehoje.com.br\/novoportal\/wp-json\/wp\/v2\/types\/post"}],"author":[{"embeddable":true,"href":"https:\/\/www.sudoestehoje.com.br\/novoportal\/wp-json\/wp\/v2\/users\/2"}],"replies":[{"embeddable":true,"href":"https:\/\/www.sudoestehoje.com.br\/novoportal\/wp-json\/wp\/v2\/comments?post=93181"}],"version-history":[{"count":2,"href":"https:\/\/www.sudoestehoje.com.br\/novoportal\/wp-json\/wp\/v2\/posts\/93181\/revisions"}],"predecessor-version":[{"id":93185,"href":"https:\/\/www.sudoestehoje.com.br\/novoportal\/wp-json\/wp\/v2\/posts\/93181\/revisions\/93185"}],"wp:featuredmedia":[{"embeddable":true,"href":"https:\/\/www.sudoestehoje.com.br\/novoportal\/wp-json\/wp\/v2\/media\/93183"}],"wp:attachment":[{"href":"https:\/\/www.sudoestehoje.com.br\/novoportal\/wp-json\/wp\/v2\/media?parent=93181"}],"wp:term":[{"taxonomy":"category","embeddable":true,"href":"https:\/\/www.sudoestehoje.com.br\/novoportal\/wp-json\/wp\/v2\/categories?post=93181"},{"taxonomy":"post_tag","embeddable":true,"href":"https:\/\/www.sudoestehoje.com.br\/novoportal\/wp-json\/wp\/v2\/tags?post=93181"}],"curies":[{"name":"wp","href":"https:\/\/api.w.org\/{rel}","templated":true}]}}