
{"id":93175,"date":"2021-02-18T21:20:22","date_gmt":"2021-02-19T00:20:22","guid":{"rendered":"https:\/\/www.sudoestehoje.com.br\/novoportal\/?p=93175"},"modified":"2021-02-18T21:21:01","modified_gmt":"2021-02-19T00:21:01","slug":"estourou-bahia-registra-67-obitos-e-4-017-casos-de-covid-19-em-apenas-24-horas","status":"publish","type":"post","link":"https:\/\/www.sudoestehoje.com.br\/novoportal\/2021\/02\/18\/estourou-bahia-registra-67-obitos-e-4-017-casos-de-covid-19-em-apenas-24-horas\/","title":{"rendered":"ESTOUROU! BAHIA REGISTRA 67 \u00d3BITOS E 4.017 CASOS DE COVID-19 EM APENAS 24 HORAS"},"content":{"rendered":"<div id=\"attachment_93177\" style=\"width: 510px\" class=\"wp-caption aligncenter\"><a href=\"https:\/\/www.sudoestehoje.com.br\/novoportal\/wp-content\/uploads\/2021\/02\/FILA-AMBULANCIA-SALVADOR.jpeg\"><img loading=\"lazy\" decoding=\"async\" aria-describedby=\"caption-attachment-93177\" class=\"size-medium wp-image-93177\" src=\"https:\/\/www.sudoestehoje.com.br\/novoportal\/wp-content\/uploads\/2021\/02\/FILA-AMBULANCIA-SALVADOR-500x323.jpeg\" alt=\"\" width=\"500\" height=\"323\" srcset=\"https:\/\/www.sudoestehoje.com.br\/novoportal\/wp-content\/uploads\/2021\/02\/FILA-AMBULANCIA-SALVADOR-500x323.jpeg 500w, https:\/\/www.sudoestehoje.com.br\/novoportal\/wp-content\/uploads\/2021\/02\/FILA-AMBULANCIA-SALVADOR-700x452.jpeg 700w, https:\/\/www.sudoestehoje.com.br\/novoportal\/wp-content\/uploads\/2021\/02\/FILA-AMBULANCIA-SALVADOR.jpeg 760w\" sizes=\"auto, (max-width: 500px) 100vw, 500px\" \/><\/a><p id=\"caption-attachment-93177\" class=\"wp-caption-text\"><strong><em>AMBUL\u00c2NCIAS COM PACIENTES FIZERAM FILA NA PORTA DO HOSPITAL DO SUB\u00daRBIO, EM SALVADOR, EM BUSCA DE LEITOS DE UTI, NESTA QUINTA<\/em><\/strong><\/p><\/div>\n<p>A Bahia registrou, no boletim epidemiol\u00f3gico desta quinta-feira (18), 67 \u00f3bitos. De acordo com a Secretaria estadual da Sa\u00fade (Sesab), as mortes ocorreram em diversas datas, mas s\u00f3 foram contabilizadas hoje. No entanto, os n\u00fameros t\u00eam demonstrado uma tend\u00eancia de crescimento no n\u00famero de \u00f3bitos e de quadros cl\u00ednicos mais graves, o que tem aumentado a taxa de ocupa\u00e7\u00e3o nas UTIs.<\/p>\n<p>Diante do cen\u00e1rio alarmante, foram abertos leitos de terapia intensiva nos munic\u00edpios de Cama\u00e7ari, Seabra e Barra nos \u00faltimos dias e est\u00e3o previstas amplia\u00e7\u00f5es nas cidades de Ilh\u00e9us e Porto Seguro.<\/p>\n<p>O n\u00famero total de mortes pelo coronav\u00edrus na Bahia desde o in\u00edcio da pandemia \u00e9 de 10.995. Dentre as mortes, 56,55% ocorreram no sexo masculino e 43,45% no sexo feminino.<\/p>\n<p><strong>Novos casos<\/strong><\/p>\n<p>O boletim epidemiol\u00f3gico desta quinta tamb\u00e9m contabilizou, nas \u00faltimas 24h, 4.017 novos casos da Covid-19. Dos 643.244 infectados desde o in\u00edcio da pandemia, 16.287 encontram-se ativos.<\/p>\n<p>Ainda est\u00e3o em investiga\u00e7\u00e3o 148.443 casos. Quando o assunto \u00e9 infec\u00e7\u00e3o dos profissionais da sa\u00fade, a Sesab diz que 41.685 foram confirmados com a doen\u00e7a na Bahia.<\/p>\n","protected":false},"excerpt":{"rendered":"<p>A Bahia registrou, no boletim epidemiol\u00f3gico desta quinta-feira (18), 67 \u00f3bitos. De acordo com a Secretaria estadual da Sa\u00fade (Sesab), as mortes ocorreram em diversas datas, mas s\u00f3 foram contabilizadas hoje. No entanto, os n\u00fameros t\u00eam demonstrado uma tend\u00eancia de crescimento no n\u00famero de \u00f3bitos e de quadros cl\u00ednicos mais graves, o que tem aumentado [&hellip;]<\/p>\n","protected":false},"author":2,"featured_media":0,"comment_status":"open","ping_status":"open","sticky":false,"template":"","format":"standard","meta":{"footnotes":"","_links_to":"","_links_to_target":""},"categories":[1],"tags":[],"class_list":["post-93175","post","type-post","status-publish","format-standard","hentry","category-geral"],"views":791,"_links":{"self":[{"href":"https:\/\/www.sudoestehoje.com.br\/novoportal\/wp-json\/wp\/v2\/posts\/93175","targetHints":{"allow":["GET"]}}],"collection":[{"href":"https:\/\/www.sudoestehoje.com.br\/novoportal\/wp-json\/wp\/v2\/posts"}],"about":[{"href":"https:\/\/www.sudoestehoje.com.br\/novoportal\/wp-json\/wp\/v2\/types\/post"}],"author":[{"embeddable":true,"href":"https:\/\/www.sudoestehoje.com.br\/novoportal\/wp-json\/wp\/v2\/users\/2"}],"replies":[{"embeddable":true,"href":"https:\/\/www.sudoestehoje.com.br\/novoportal\/wp-json\/wp\/v2\/comments?post=93175"}],"version-history":[{"count":4,"href":"https:\/\/www.sudoestehoje.com.br\/novoportal\/wp-json\/wp\/v2\/posts\/93175\/revisions"}],"predecessor-version":[{"id":93180,"href":"https:\/\/www.sudoestehoje.com.br\/novoportal\/wp-json\/wp\/v2\/posts\/93175\/revisions\/93180"}],"wp:attachment":[{"href":"https:\/\/www.sudoestehoje.com.br\/novoportal\/wp-json\/wp\/v2\/media?parent=93175"}],"wp:term":[{"taxonomy":"category","embeddable":true,"href":"https:\/\/www.sudoestehoje.com.br\/novoportal\/wp-json\/wp\/v2\/categories?post=93175"},{"taxonomy":"post_tag","embeddable":true,"href":"https:\/\/www.sudoestehoje.com.br\/novoportal\/wp-json\/wp\/v2\/tags?post=93175"}],"curies":[{"name":"wp","href":"https:\/\/api.w.org\/{rel}","templated":true}]}}