
{"id":93156,"date":"2021-02-18T13:34:04","date_gmt":"2021-02-18T16:34:04","guid":{"rendered":"https:\/\/www.sudoestehoje.com.br\/novoportal\/?p=93156"},"modified":"2021-02-18T13:42:35","modified_gmt":"2021-02-18T16:42:35","slug":"itapetinga-com-covid-flavao-do-saae-aguarda-regulacao-para-uma-uti","status":"publish","type":"post","link":"https:\/\/www.sudoestehoje.com.br\/novoportal\/2021\/02\/18\/itapetinga-com-covid-flavao-do-saae-aguarda-regulacao-para-uma-uti\/","title":{"rendered":"ITAPETINGA: COM COVID, FLAV\u00c3O DO SAAE AGUARDA REGULA\u00c7\u00c3O PARA UMA UTI"},"content":{"rendered":"<p><a href=\"https:\/\/www.sudoestehoje.com.br\/novoportal\/wp-content\/uploads\/2021\/02\/flav\u00e3o.jpeg\"><img loading=\"lazy\" decoding=\"async\" class=\"aligncenter size-medium wp-image-93157\" src=\"https:\/\/www.sudoestehoje.com.br\/novoportal\/wp-content\/uploads\/2021\/02\/flav\u00e3o-500x506.jpeg\" alt=\"\" width=\"500\" height=\"506\" srcset=\"https:\/\/www.sudoestehoje.com.br\/novoportal\/wp-content\/uploads\/2021\/02\/flav\u00e3o-500x506.jpeg 500w, https:\/\/www.sudoestehoje.com.br\/novoportal\/wp-content\/uploads\/2021\/02\/flav\u00e3o-700x709.jpeg 700w, https:\/\/www.sudoestehoje.com.br\/novoportal\/wp-content\/uploads\/2021\/02\/flav\u00e3o.jpeg 711w\" sizes=\"auto, (max-width: 500px) 100vw, 500px\" \/><\/a><\/p>\n<p>Encontra-se em estado grave, ap\u00f3s infectado pela Covid-19, o servidor do SAAE de Itapetinga, Fl\u00e1vio Viana, conhecido por &#8216;Flav\u00e3o&#8217;.<\/p>\n<p>Fl\u00e1vio est\u00e1 internado na UPA e, segundo informa\u00e7\u00f5es, aguarda regula\u00e7\u00e3o para uma UTI, provavelmente em Vit\u00f3ria da Conquista, para tratamento da infec\u00e7\u00e3o.<\/p>\n<p>O caso de Flav\u00e3o \u00e9 de urg\u00eancia e est\u00e1 sendo acompanhado por m\u00e9dicos do munic\u00edpio, at\u00e9 que haja a transfer\u00eancia para uma unidade m\u00e9dica especializada.<\/p>\n<p><strong>Atualiza\u00e7\u00e3o:<\/strong><\/p>\n<p><strong>De acordo com as \u00faltimas informa\u00e7\u00f5es, a regula\u00e7\u00e3o do servidor foi efetivada ainda h\u00e1 pouco. Flav\u00e3o vai ser transferido para o Hospital do Sub\u00farbio, em Salvador, atrav\u00e9s de uma UTI A\u00e9rea.<\/strong><\/p>\n<p><strong><em>Da Reda\u00e7\u00e3o<\/em><\/strong><\/p>\n","protected":false},"excerpt":{"rendered":"<p>Encontra-se em estado grave, ap\u00f3s infectado pela Covid-19, o servidor do SAAE de Itapetinga, Fl\u00e1vio Viana, conhecido por &#8216;Flav\u00e3o&#8217;. Fl\u00e1vio est\u00e1 internado na UPA e, segundo informa\u00e7\u00f5es, aguarda regula\u00e7\u00e3o para uma UTI, provavelmente em Vit\u00f3ria da Conquista, para tratamento da infec\u00e7\u00e3o. O caso de Flav\u00e3o \u00e9 de urg\u00eancia e est\u00e1 sendo acompanhado por m\u00e9dicos do [&hellip;]<\/p>\n","protected":false},"author":2,"featured_media":93157,"comment_status":"open","ping_status":"open","sticky":false,"template":"","format":"standard","meta":{"footnotes":"","_links_to":"","_links_to_target":""},"categories":[1],"tags":[],"class_list":["post-93156","post","type-post","status-publish","format-standard","has-post-thumbnail","hentry","category-geral"],"views":5613,"_links":{"self":[{"href":"https:\/\/www.sudoestehoje.com.br\/novoportal\/wp-json\/wp\/v2\/posts\/93156","targetHints":{"allow":["GET"]}}],"collection":[{"href":"https:\/\/www.sudoestehoje.com.br\/novoportal\/wp-json\/wp\/v2\/posts"}],"about":[{"href":"https:\/\/www.sudoestehoje.com.br\/novoportal\/wp-json\/wp\/v2\/types\/post"}],"author":[{"embeddable":true,"href":"https:\/\/www.sudoestehoje.com.br\/novoportal\/wp-json\/wp\/v2\/users\/2"}],"replies":[{"embeddable":true,"href":"https:\/\/www.sudoestehoje.com.br\/novoportal\/wp-json\/wp\/v2\/comments?post=93156"}],"version-history":[{"count":4,"href":"https:\/\/www.sudoestehoje.com.br\/novoportal\/wp-json\/wp\/v2\/posts\/93156\/revisions"}],"predecessor-version":[{"id":93161,"href":"https:\/\/www.sudoestehoje.com.br\/novoportal\/wp-json\/wp\/v2\/posts\/93156\/revisions\/93161"}],"wp:featuredmedia":[{"embeddable":true,"href":"https:\/\/www.sudoestehoje.com.br\/novoportal\/wp-json\/wp\/v2\/media\/93157"}],"wp:attachment":[{"href":"https:\/\/www.sudoestehoje.com.br\/novoportal\/wp-json\/wp\/v2\/media?parent=93156"}],"wp:term":[{"taxonomy":"category","embeddable":true,"href":"https:\/\/www.sudoestehoje.com.br\/novoportal\/wp-json\/wp\/v2\/categories?post=93156"},{"taxonomy":"post_tag","embeddable":true,"href":"https:\/\/www.sudoestehoje.com.br\/novoportal\/wp-json\/wp\/v2\/tags?post=93156"}],"curies":[{"name":"wp","href":"https:\/\/api.w.org\/{rel}","templated":true}]}}