
{"id":93151,"date":"2021-02-17T21:44:28","date_gmt":"2021-02-18T00:44:28","guid":{"rendered":"https:\/\/www.sudoestehoje.com.br\/novoportal\/?p=93151"},"modified":"2021-02-17T21:44:28","modified_gmt":"2021-02-18T00:44:28","slug":"itapetinga-2a-dose-da-vacina-coronavac-comecou-a-ser-aplicada-nesta-quarta","status":"publish","type":"post","link":"https:\/\/www.sudoestehoje.com.br\/novoportal\/2021\/02\/17\/itapetinga-2a-dose-da-vacina-coronavac-comecou-a-ser-aplicada-nesta-quarta\/","title":{"rendered":"ITAPETINGA: 2\u00aa DOSE DA VACINA CORONAVAC COME\u00c7OU A SER APLICADA NESTA QUARTA"},"content":{"rendered":"<p><a href=\"https:\/\/www.sudoestehoje.com.br\/novoportal\/wp-content\/uploads\/2021\/02\/VACINA-2\u00aa-DOSE.jpeg\"><img loading=\"lazy\" decoding=\"async\" class=\"aligncenter size-medium wp-image-93153\" src=\"https:\/\/www.sudoestehoje.com.br\/novoportal\/wp-content\/uploads\/2021\/02\/VACINA-2\u00aa-DOSE-500x361.jpeg\" alt=\"\" width=\"500\" height=\"361\" srcset=\"https:\/\/www.sudoestehoje.com.br\/novoportal\/wp-content\/uploads\/2021\/02\/VACINA-2\u00aa-DOSE-500x361.jpeg 500w, https:\/\/www.sudoestehoje.com.br\/novoportal\/wp-content\/uploads\/2021\/02\/VACINA-2\u00aa-DOSE-700x506.jpeg 700w, https:\/\/www.sudoestehoje.com.br\/novoportal\/wp-content\/uploads\/2021\/02\/VACINA-2\u00aa-DOSE-768x555.jpeg 768w, https:\/\/www.sudoestehoje.com.br\/novoportal\/wp-content\/uploads\/2021\/02\/VACINA-2\u00aa-DOSE.jpeg 1073w\" sizes=\"auto, (max-width: 500px) 100vw, 500px\" \/><\/a><\/p>\n<p>Os 860 profissionais de sa\u00fade imunizados no in\u00edcio da campanha com a vacina do produzida pelo Butant\u00e3 come\u00e7aram a receber a segunda dose da vacina nesta quarta-feira, 17. Tr\u00eas postos de sa\u00fade \u2013 Primavera, Vila Rosa e Arnaldo Texeira \u2013 foram disponibilizados para a aplica\u00e7\u00e3o dos imunizantes.<\/p>\n<p>At\u00e9 o momento, o munic\u00edpio j\u00e1 vacinou 2240 pessoas (1325 profissionais de sa\u00fade, 60 idosos do Lar Laura Carvalho e 855 idosos acima de 80 anos). A Secretaria de Sa\u00fade aguarda o envio de novas doses para seguir com a vacina\u00e7\u00e3o dos idosos e completar as demais fases da campanha.<\/p>\n<p>Enquanto n\u00e3o h\u00e1 novas defini\u00e7\u00f5es do Governo do estado, a secretaria segue recolhendo as listas de profissionais de sa\u00fade ainda n\u00e3o imunizados com a primeira dose. As empresas, cl\u00ednicas e unidades hospitalares devem enviar o nome e profiss\u00e3o dos seus funcion\u00e1rios com direito \u00e0 vacina para o e-mail: viep.itapetinga2017@gmail.com. O documento dever\u00e1 conter nome, fun\u00e7\u00e3o e CPF de cada funcion\u00e1rio.<\/p>\n<p>A prefeitura de Itapetinga est\u00e1 organizada para o combate ao coronav\u00edrus e imuniza\u00e7\u00e3o da popula\u00e7\u00e3o. A popula\u00e7\u00e3o pode esclarecer d\u00favidas atrav\u00e9s telefone 3262-1991<\/p>\n","protected":false},"excerpt":{"rendered":"<p>Os 860 profissionais de sa\u00fade imunizados no in\u00edcio da campanha com a vacina do produzida pelo Butant\u00e3 come\u00e7aram a receber a segunda dose da vacina nesta quarta-feira, 17. Tr\u00eas postos de sa\u00fade \u2013 Primavera, Vila Rosa e Arnaldo Texeira \u2013 foram disponibilizados para a aplica\u00e7\u00e3o dos imunizantes. At\u00e9 o momento, o munic\u00edpio j\u00e1 vacinou 2240 [&hellip;]<\/p>\n","protected":false},"author":2,"featured_media":93153,"comment_status":"open","ping_status":"open","sticky":false,"template":"","format":"standard","meta":{"footnotes":"","_links_to":"","_links_to_target":""},"categories":[1],"tags":[],"class_list":["post-93151","post","type-post","status-publish","format-standard","has-post-thumbnail","hentry","category-geral"],"views":763,"_links":{"self":[{"href":"https:\/\/www.sudoestehoje.com.br\/novoportal\/wp-json\/wp\/v2\/posts\/93151","targetHints":{"allow":["GET"]}}],"collection":[{"href":"https:\/\/www.sudoestehoje.com.br\/novoportal\/wp-json\/wp\/v2\/posts"}],"about":[{"href":"https:\/\/www.sudoestehoje.com.br\/novoportal\/wp-json\/wp\/v2\/types\/post"}],"author":[{"embeddable":true,"href":"https:\/\/www.sudoestehoje.com.br\/novoportal\/wp-json\/wp\/v2\/users\/2"}],"replies":[{"embeddable":true,"href":"https:\/\/www.sudoestehoje.com.br\/novoportal\/wp-json\/wp\/v2\/comments?post=93151"}],"version-history":[{"count":2,"href":"https:\/\/www.sudoestehoje.com.br\/novoportal\/wp-json\/wp\/v2\/posts\/93151\/revisions"}],"predecessor-version":[{"id":93154,"href":"https:\/\/www.sudoestehoje.com.br\/novoportal\/wp-json\/wp\/v2\/posts\/93151\/revisions\/93154"}],"wp:featuredmedia":[{"embeddable":true,"href":"https:\/\/www.sudoestehoje.com.br\/novoportal\/wp-json\/wp\/v2\/media\/93153"}],"wp:attachment":[{"href":"https:\/\/www.sudoestehoje.com.br\/novoportal\/wp-json\/wp\/v2\/media?parent=93151"}],"wp:term":[{"taxonomy":"category","embeddable":true,"href":"https:\/\/www.sudoestehoje.com.br\/novoportal\/wp-json\/wp\/v2\/categories?post=93151"},{"taxonomy":"post_tag","embeddable":true,"href":"https:\/\/www.sudoestehoje.com.br\/novoportal\/wp-json\/wp\/v2\/tags?post=93151"}],"curies":[{"name":"wp","href":"https:\/\/api.w.org\/{rel}","templated":true}]}}