
{"id":93145,"date":"2021-02-16T20:44:06","date_gmt":"2021-02-16T23:44:06","guid":{"rendered":"https:\/\/www.sudoestehoje.com.br\/novoportal\/?p=93145"},"modified":"2021-02-16T20:44:06","modified_gmt":"2021-02-16T23:44:06","slug":"quem-desobedecer-toque-de-recolher-sera-indiciado-criminalmente-afirma-rui-costa","status":"publish","type":"post","link":"https:\/\/www.sudoestehoje.com.br\/novoportal\/2021\/02\/16\/quem-desobedecer-toque-de-recolher-sera-indiciado-criminalmente-afirma-rui-costa\/","title":{"rendered":"QUEM DESOBEDECER &#8216;TOQUE DE RECOLHER&#8217; SER\u00c1 INDICIADO CRIMINALMENTE, AFIRMA RUI COSTA"},"content":{"rendered":"<p><a href=\"https:\/\/www.sudoestehoje.com.br\/novoportal\/wp-content\/uploads\/2021\/02\/toque-de-recolher-1.jpg\"><img loading=\"lazy\" decoding=\"async\" class=\"aligncenter size-medium wp-image-93147\" src=\"https:\/\/www.sudoestehoje.com.br\/novoportal\/wp-content\/uploads\/2021\/02\/toque-de-recolher-1-500x333.jpg\" alt=\"\" width=\"500\" height=\"333\" srcset=\"https:\/\/www.sudoestehoje.com.br\/novoportal\/wp-content\/uploads\/2021\/02\/toque-de-recolher-1-500x333.jpg 500w, https:\/\/www.sudoestehoje.com.br\/novoportal\/wp-content\/uploads\/2021\/02\/toque-de-recolher-1-700x466.jpg 700w, https:\/\/www.sudoestehoje.com.br\/novoportal\/wp-content\/uploads\/2021\/02\/toque-de-recolher-1-768x512.jpg 768w, https:\/\/www.sudoestehoje.com.br\/novoportal\/wp-content\/uploads\/2021\/02\/toque-de-recolher-1.jpg 800w\" sizes=\"auto, (max-width: 500px) 100vw, 500px\" \/><\/a><\/p>\n<p>Os estabelecimentos comerciais e as pessoas que descumprirem o toque de recolher que ser\u00e1 adotado por sete dias na Bahia a partir de sexta-feira (19) ser\u00e3o indiciadas pela pol\u00edcia por crime contra a sa\u00fade p\u00fablica. A informa\u00e7\u00e3o foi confirmada pelo governador Rui Costa (PT), nesta ter\u00e7a-feira (16), durante mais uma edi\u00e7\u00e3o do programa Papo Correria.<\/p>\n<p>\u201cA pol\u00edcia vai autuar por crime contra a sa\u00fade e ordem p\u00fablica. As pessoas ser\u00e3o conduzidas \u00e0 delegacia, registrado o procedimento e encaminhado ao Minist\u00e9rio P\u00fablico para abertura de processo criminal.\u00a0Tamb\u00e9m ser\u00e1 solicitado a cada prefeitura que casse o alvar\u00e1 de funcionamento dos estabelecimentos que desrespeitem os decretos e, eventualmente, pedir ordem judicial para fechamento desses pontos comerciais\u201d, disse o governador<strong>.\u00a0<\/strong><\/p>\n","protected":false},"excerpt":{"rendered":"<p>Os estabelecimentos comerciais e as pessoas que descumprirem o toque de recolher que ser\u00e1 adotado por sete dias na Bahia a partir de sexta-feira (19) ser\u00e3o indiciadas pela pol\u00edcia por crime contra a sa\u00fade p\u00fablica. A informa\u00e7\u00e3o foi confirmada pelo governador Rui Costa (PT), nesta ter\u00e7a-feira (16), durante mais uma edi\u00e7\u00e3o do programa Papo Correria. [&hellip;]<\/p>\n","protected":false},"author":2,"featured_media":93147,"comment_status":"open","ping_status":"open","sticky":false,"template":"","format":"standard","meta":{"footnotes":"","_links_to":"","_links_to_target":""},"categories":[1],"tags":[],"class_list":["post-93145","post","type-post","status-publish","format-standard","has-post-thumbnail","hentry","category-geral"],"views":1059,"_links":{"self":[{"href":"https:\/\/www.sudoestehoje.com.br\/novoportal\/wp-json\/wp\/v2\/posts\/93145","targetHints":{"allow":["GET"]}}],"collection":[{"href":"https:\/\/www.sudoestehoje.com.br\/novoportal\/wp-json\/wp\/v2\/posts"}],"about":[{"href":"https:\/\/www.sudoestehoje.com.br\/novoportal\/wp-json\/wp\/v2\/types\/post"}],"author":[{"embeddable":true,"href":"https:\/\/www.sudoestehoje.com.br\/novoportal\/wp-json\/wp\/v2\/users\/2"}],"replies":[{"embeddable":true,"href":"https:\/\/www.sudoestehoje.com.br\/novoportal\/wp-json\/wp\/v2\/comments?post=93145"}],"version-history":[{"count":3,"href":"https:\/\/www.sudoestehoje.com.br\/novoportal\/wp-json\/wp\/v2\/posts\/93145\/revisions"}],"predecessor-version":[{"id":93149,"href":"https:\/\/www.sudoestehoje.com.br\/novoportal\/wp-json\/wp\/v2\/posts\/93145\/revisions\/93149"}],"wp:featuredmedia":[{"embeddable":true,"href":"https:\/\/www.sudoestehoje.com.br\/novoportal\/wp-json\/wp\/v2\/media\/93147"}],"wp:attachment":[{"href":"https:\/\/www.sudoestehoje.com.br\/novoportal\/wp-json\/wp\/v2\/media?parent=93145"}],"wp:term":[{"taxonomy":"category","embeddable":true,"href":"https:\/\/www.sudoestehoje.com.br\/novoportal\/wp-json\/wp\/v2\/categories?post=93145"},{"taxonomy":"post_tag","embeddable":true,"href":"https:\/\/www.sudoestehoje.com.br\/novoportal\/wp-json\/wp\/v2\/tags?post=93145"}],"curies":[{"name":"wp","href":"https:\/\/api.w.org\/{rel}","templated":true}]}}