
{"id":93139,"date":"2021-02-16T20:18:29","date_gmt":"2021-02-16T23:18:29","guid":{"rendered":"https:\/\/www.sudoestehoje.com.br\/novoportal\/?p=93139"},"modified":"2021-02-16T20:19:40","modified_gmt":"2021-02-16T23:19:40","slug":"itapetinga-e-regiao-incluidas-no-toque-de-recolher-decreta-por-rui-costa","status":"publish","type":"post","link":"https:\/\/www.sudoestehoje.com.br\/novoportal\/2021\/02\/16\/itapetinga-e-regiao-incluidas-no-toque-de-recolher-decreta-por-rui-costa\/","title":{"rendered":"ITAPETINGA E REGI\u00c3O INCLU\u00cdDAS NO TOQUE DE RECOLHER DECRETADO POR RUI COSTA"},"content":{"rendered":"<p><a href=\"https:\/\/www.sudoestehoje.com.br\/novoportal\/wp-content\/uploads\/2021\/02\/toque-de-recolher-itapetinga.jpeg\"><img loading=\"lazy\" decoding=\"async\" class=\"aligncenter size-full wp-image-93141\" src=\"https:\/\/www.sudoestehoje.com.br\/novoportal\/wp-content\/uploads\/2021\/02\/toque-de-recolher-itapetinga.jpeg\" alt=\"\" width=\"500\" height=\"375\" \/><\/a><\/p>\n<p>O governador Rui Costa (PT) anunciou, em reuni\u00e3o com prefeitos nesta ter\u00e7a-feira (16), que a Bahia vai adotar o toque de recolher no estado <strong>a partir da pr\u00f3xima sexta-feira (19)<\/strong>, como medida para conter o avan\u00e7o do novo coronav\u00edrus.<\/p>\n<p>A medida vai valer por 7 dias, <strong>das 22h \u00e0s 05h<\/strong>. O decreto ser\u00e1 publicado no Di\u00e1rio Oficial desta quarta-feira (17).<\/p>\n<p>A regi\u00e3o do Oeste, Irec\u00ea, Jacobina e Alagoinhas, onde as taxas n\u00e3o est\u00e3o elevadas na avalia\u00e7\u00e3o do governo, o toque de recolher n\u00e3o ser\u00e1 adotado. J\u00e1 a <strong>regi\u00e3o Sudoeste<\/strong>, incluindo<strong> Itapetinga e cidades vizinhas,<\/strong> foram inclu\u00eddas no Decreto do governador.<\/p>\n<p>&#8220;O objetivo, portanto, \u00e9 evitar a conviv\u00eancia em bares, bebidas, carros de som, aquelas aglomera\u00e7\u00f5es na madrugada, que geram muita contamina\u00e7\u00e3o, porque, em geral, est\u00e3o associadas a bebidas alco\u00f3licas, e, portanto, a descuidado nas rela\u00e7\u00f5es de conviv\u00eancia. Com isso, esperamos preservar vidas humanas, garantir leitos hospitalares pra quem precisar. Precisamos conter a taxa de crescimento de contamina\u00e7\u00e3o&#8221;, disse Rui, em v\u00eddeo divulgado pela assessoria.<\/p>\n<p>A declara\u00e7\u00e3o do governador seguiu uma apresenta\u00e7\u00e3o de t\u00e9cnicos da Sesab mostrando que a Bahia alcan\u00e7ou uma taxa de 74% de ocupa\u00e7\u00e3o dos leitos de UTI dedicados para atender pacientes com casos mais graves de Covid-19.<\/p>\n<p>\u201cOs dados indicam um risco real de colapso do sistema de sa\u00fade e consequente aumento na mortalidade. Nesse momento, apenas medidas de distanciamento social mais severas minimizar\u00e3o as altas taxas de transmiss\u00e3o do v\u00edrus\u201d, afirmou o secret\u00e1rio da sa\u00fade, F\u00e1bio Vilas Boas.<\/p>\n","protected":false},"excerpt":{"rendered":"<p>O governador Rui Costa (PT) anunciou, em reuni\u00e3o com prefeitos nesta ter\u00e7a-feira (16), que a Bahia vai adotar o toque de recolher no estado a partir da pr\u00f3xima sexta-feira (19), como medida para conter o avan\u00e7o do novo coronav\u00edrus. A medida vai valer por 7 dias, das 22h \u00e0s 05h. O decreto ser\u00e1 publicado no [&hellip;]<\/p>\n","protected":false},"author":2,"featured_media":93141,"comment_status":"open","ping_status":"open","sticky":false,"template":"","format":"standard","meta":{"footnotes":"","_links_to":"","_links_to_target":""},"categories":[1],"tags":[],"class_list":["post-93139","post","type-post","status-publish","format-standard","has-post-thumbnail","hentry","category-geral"],"views":3538,"_links":{"self":[{"href":"https:\/\/www.sudoestehoje.com.br\/novoportal\/wp-json\/wp\/v2\/posts\/93139","targetHints":{"allow":["GET"]}}],"collection":[{"href":"https:\/\/www.sudoestehoje.com.br\/novoportal\/wp-json\/wp\/v2\/posts"}],"about":[{"href":"https:\/\/www.sudoestehoje.com.br\/novoportal\/wp-json\/wp\/v2\/types\/post"}],"author":[{"embeddable":true,"href":"https:\/\/www.sudoestehoje.com.br\/novoportal\/wp-json\/wp\/v2\/users\/2"}],"replies":[{"embeddable":true,"href":"https:\/\/www.sudoestehoje.com.br\/novoportal\/wp-json\/wp\/v2\/comments?post=93139"}],"version-history":[{"count":4,"href":"https:\/\/www.sudoestehoje.com.br\/novoportal\/wp-json\/wp\/v2\/posts\/93139\/revisions"}],"predecessor-version":[{"id":93144,"href":"https:\/\/www.sudoestehoje.com.br\/novoportal\/wp-json\/wp\/v2\/posts\/93139\/revisions\/93144"}],"wp:featuredmedia":[{"embeddable":true,"href":"https:\/\/www.sudoestehoje.com.br\/novoportal\/wp-json\/wp\/v2\/media\/93141"}],"wp:attachment":[{"href":"https:\/\/www.sudoestehoje.com.br\/novoportal\/wp-json\/wp\/v2\/media?parent=93139"}],"wp:term":[{"taxonomy":"category","embeddable":true,"href":"https:\/\/www.sudoestehoje.com.br\/novoportal\/wp-json\/wp\/v2\/categories?post=93139"},{"taxonomy":"post_tag","embeddable":true,"href":"https:\/\/www.sudoestehoje.com.br\/novoportal\/wp-json\/wp\/v2\/tags?post=93139"}],"curies":[{"name":"wp","href":"https:\/\/api.w.org\/{rel}","templated":true}]}}