
{"id":93120,"date":"2021-02-15T21:16:16","date_gmt":"2021-02-16T00:16:16","guid":{"rendered":"https:\/\/www.sudoestehoje.com.br\/novoportal\/?p=93120"},"modified":"2021-02-15T21:16:16","modified_gmt":"2021-02-16T00:16:16","slug":"caatiba-ja-registrou-483-casos-de-covid-19-casos-ativos-sao-apenas-16","status":"publish","type":"post","link":"https:\/\/www.sudoestehoje.com.br\/novoportal\/2021\/02\/15\/caatiba-ja-registrou-483-casos-de-covid-19-casos-ativos-sao-apenas-16\/","title":{"rendered":"CAATIBA J\u00c1 REGISTROU 483 CASOS DE COVID-19; CASOS ATIVOS S\u00c3O APENAS 16"},"content":{"rendered":"<p><a href=\"https:\/\/www.sudoestehoje.com.br\/novoportal\/wp-content\/uploads\/2021\/02\/boletim-caatiba.jpg\"><img loading=\"lazy\" decoding=\"async\" class=\"aligncenter size-medium wp-image-93121\" src=\"https:\/\/www.sudoestehoje.com.br\/novoportal\/wp-content\/uploads\/2021\/02\/boletim-caatiba-420x700.jpg\" alt=\"\" width=\"420\" height=\"700\" srcset=\"https:\/\/www.sudoestehoje.com.br\/novoportal\/wp-content\/uploads\/2021\/02\/boletim-caatiba-420x700.jpg 420w, https:\/\/www.sudoestehoje.com.br\/novoportal\/wp-content\/uploads\/2021\/02\/boletim-caatiba-540x900.jpg 540w, https:\/\/www.sudoestehoje.com.br\/novoportal\/wp-content\/uploads\/2021\/02\/boletim-caatiba.jpg 768w\" sizes=\"auto, (max-width: 420px) 100vw, 420px\" \/><\/a><\/p>\n<p>A Secretaria Municipal de Sa\u00fade de Caatiba informa que nesta segunda-feira (15) existem 16 casos ativos de COVID-19, no qual 15 pacientes encontram-se em Isolamento Domiciliar e 01 paciente se encontra em internamento em Vit\u00f3ria da Conquista, devido complica\u00e7\u00f5es respirat\u00f3rias.<\/p>\n<p>Desta forma, pedimos a colabora\u00e7\u00e3o das pessoas para que fiquem em casa, lavem as m\u00e3os com frequ\u00eancia, evite aglomera\u00e7\u00f5es de qualquer natureza e se houver a necessidade de sair de casa, use m\u00e1scaras.<\/p>\n<p>Em caso dos sintomas como: dor de garganta, febre, coriza, falta de ar, perda de olfato ou paladar, ligue para o Centro de Refer\u00eancia Covid-19 com hor\u00e1rio de atendimento das 8:00 hrs \u00e0s 16:00 hrs. <strong><em>\/\/Ascom Caatiba &#8211; (77) 98862-3182<\/em><\/strong><\/p>\n","protected":false},"excerpt":{"rendered":"<p>A Secretaria Municipal de Sa\u00fade de Caatiba informa que nesta segunda-feira (15) existem 16 casos ativos de COVID-19, no qual 15 pacientes encontram-se em Isolamento Domiciliar e 01 paciente se encontra em internamento em Vit\u00f3ria da Conquista, devido complica\u00e7\u00f5es respirat\u00f3rias. Desta forma, pedimos a colabora\u00e7\u00e3o das pessoas para que fiquem em casa, lavem as m\u00e3os [&hellip;]<\/p>\n","protected":false},"author":2,"featured_media":93121,"comment_status":"open","ping_status":"open","sticky":false,"template":"","format":"standard","meta":{"footnotes":"","_links_to":"","_links_to_target":""},"categories":[1],"tags":[],"class_list":["post-93120","post","type-post","status-publish","format-standard","has-post-thumbnail","hentry","category-geral"],"views":825,"_links":{"self":[{"href":"https:\/\/www.sudoestehoje.com.br\/novoportal\/wp-json\/wp\/v2\/posts\/93120","targetHints":{"allow":["GET"]}}],"collection":[{"href":"https:\/\/www.sudoestehoje.com.br\/novoportal\/wp-json\/wp\/v2\/posts"}],"about":[{"href":"https:\/\/www.sudoestehoje.com.br\/novoportal\/wp-json\/wp\/v2\/types\/post"}],"author":[{"embeddable":true,"href":"https:\/\/www.sudoestehoje.com.br\/novoportal\/wp-json\/wp\/v2\/users\/2"}],"replies":[{"embeddable":true,"href":"https:\/\/www.sudoestehoje.com.br\/novoportal\/wp-json\/wp\/v2\/comments?post=93120"}],"version-history":[{"count":1,"href":"https:\/\/www.sudoestehoje.com.br\/novoportal\/wp-json\/wp\/v2\/posts\/93120\/revisions"}],"predecessor-version":[{"id":93122,"href":"https:\/\/www.sudoestehoje.com.br\/novoportal\/wp-json\/wp\/v2\/posts\/93120\/revisions\/93122"}],"wp:featuredmedia":[{"embeddable":true,"href":"https:\/\/www.sudoestehoje.com.br\/novoportal\/wp-json\/wp\/v2\/media\/93121"}],"wp:attachment":[{"href":"https:\/\/www.sudoestehoje.com.br\/novoportal\/wp-json\/wp\/v2\/media?parent=93120"}],"wp:term":[{"taxonomy":"category","embeddable":true,"href":"https:\/\/www.sudoestehoje.com.br\/novoportal\/wp-json\/wp\/v2\/categories?post=93120"},{"taxonomy":"post_tag","embeddable":true,"href":"https:\/\/www.sudoestehoje.com.br\/novoportal\/wp-json\/wp\/v2\/tags?post=93120"}],"curies":[{"name":"wp","href":"https:\/\/api.w.org\/{rel}","templated":true}]}}