
{"id":93115,"date":"2021-02-15T20:32:45","date_gmt":"2021-02-15T23:32:45","guid":{"rendered":"https:\/\/www.sudoestehoje.com.br\/novoportal\/?p=93115"},"modified":"2021-02-15T20:32:45","modified_gmt":"2021-02-15T23:32:45","slug":"camara-abre-ano-legislativo-nesta-quinta-com-leitura-da-mensagem-do-prefeito","status":"publish","type":"post","link":"https:\/\/www.sudoestehoje.com.br\/novoportal\/2021\/02\/15\/camara-abre-ano-legislativo-nesta-quinta-com-leitura-da-mensagem-do-prefeito\/","title":{"rendered":"C\u00c2MARA ABRE ANO LEGISLATIVO NESTA QUINTA COM LEITURA DA MENSAGEM DO PREFEITO"},"content":{"rendered":"<p><a href=\"https:\/\/www.sudoestehoje.com.br\/novoportal\/wp-content\/uploads\/2021\/02\/SESS\u00c3O-ABERTURA-CAMARA.jpeg\"><img loading=\"lazy\" decoding=\"async\" class=\"aligncenter size-medium wp-image-93118\" src=\"https:\/\/www.sudoestehoje.com.br\/novoportal\/wp-content\/uploads\/2021\/02\/SESS\u00c3O-ABERTURA-CAMARA-500x600.jpeg\" alt=\"\" width=\"500\" height=\"600\" srcset=\"https:\/\/www.sudoestehoje.com.br\/novoportal\/wp-content\/uploads\/2021\/02\/SESS\u00c3O-ABERTURA-CAMARA-500x600.jpeg 500w, https:\/\/www.sudoestehoje.com.br\/novoportal\/wp-content\/uploads\/2021\/02\/SESS\u00c3O-ABERTURA-CAMARA-700x840.jpeg 700w, https:\/\/www.sudoestehoje.com.br\/novoportal\/wp-content\/uploads\/2021\/02\/SESS\u00c3O-ABERTURA-CAMARA-768x921.jpeg 768w, https:\/\/www.sudoestehoje.com.br\/novoportal\/wp-content\/uploads\/2021\/02\/SESS\u00c3O-ABERTURA-CAMARA.jpeg 1067w\" sizes=\"auto, (max-width: 500px) 100vw, 500px\" \/><\/a><\/p>\n<p>Na pr\u00f3xima quinta-feira (18), \u00e0s 10 horas, a C\u00e2mara Municipal de Itapetinga-BA realizar\u00e1 a Sess\u00e3o Solene de Abertura do Ano Legislativo, na modalidade virtual. A ocasi\u00e3o marca o in\u00edcio oficial dos trabalhos da Casa de Leis em 2021.<\/p>\n<p>O Poder Legislativo Municipal receber\u00e1 a mensagem anual do prefeito Rodrigo Hagge (MDB). Conforme determina a Lei Org\u00e2nica do Munic\u00edpio, compete ao prefeito, entre outras atribui\u00e7\u00f5es, comparecer ou remeter mensagem e plano de governo \u00e0 C\u00e2mara Municipal, expondo a situa\u00e7\u00e3o do Munic\u00edpio e solicitando as provid\u00eancias que julgar necess\u00e1rias.<\/p>\n<p>O presidente da Casa, vereador L\u00e9o Matos (PSD), garante que vai respeitar a pluralidade na condu\u00e7\u00e3o dos trabalhos legislativos. \u201cA C\u00e2mara \u00e9 a caixa de resson\u00e2ncia da sociedade e os debates acontecem aqui. Esperamos contar com o apoio da popula\u00e7\u00e3o para ter uma alta produtividade e assim colaborar com o desenvolvimento de Itapetinga\u201d, declarou o presidente.<\/p>\n<p>Em raz\u00e3o da pandemia da Covid-19, o evento ser\u00e1 realizado por meio da plataforma digital Zoom. A popula\u00e7\u00e3o poder\u00e1 acompanhar a sess\u00e3o atrav\u00e9s do canal TV C\u00e2mara Itapetinga no YouTube, Facebook\/camaraitapetingaoficial e R\u00e1dio Fascina\u00e7\u00e3o AM. <strong><em>\/\/Ascom C\u00e2mara<\/em><\/strong><\/p>\n","protected":false},"excerpt":{"rendered":"<p>Na pr\u00f3xima quinta-feira (18), \u00e0s 10 horas, a C\u00e2mara Municipal de Itapetinga-BA realizar\u00e1 a Sess\u00e3o Solene de Abertura do Ano Legislativo, na modalidade virtual. A ocasi\u00e3o marca o in\u00edcio oficial dos trabalhos da Casa de Leis em 2021. O Poder Legislativo Municipal receber\u00e1 a mensagem anual do prefeito Rodrigo Hagge (MDB). Conforme determina a Lei [&hellip;]<\/p>\n","protected":false},"author":2,"featured_media":93118,"comment_status":"open","ping_status":"open","sticky":false,"template":"","format":"standard","meta":{"footnotes":"","_links_to":"","_links_to_target":""},"categories":[1],"tags":[],"class_list":["post-93115","post","type-post","status-publish","format-standard","has-post-thumbnail","hentry","category-geral"],"views":797,"_links":{"self":[{"href":"https:\/\/www.sudoestehoje.com.br\/novoportal\/wp-json\/wp\/v2\/posts\/93115","targetHints":{"allow":["GET"]}}],"collection":[{"href":"https:\/\/www.sudoestehoje.com.br\/novoportal\/wp-json\/wp\/v2\/posts"}],"about":[{"href":"https:\/\/www.sudoestehoje.com.br\/novoportal\/wp-json\/wp\/v2\/types\/post"}],"author":[{"embeddable":true,"href":"https:\/\/www.sudoestehoje.com.br\/novoportal\/wp-json\/wp\/v2\/users\/2"}],"replies":[{"embeddable":true,"href":"https:\/\/www.sudoestehoje.com.br\/novoportal\/wp-json\/wp\/v2\/comments?post=93115"}],"version-history":[{"count":3,"href":"https:\/\/www.sudoestehoje.com.br\/novoportal\/wp-json\/wp\/v2\/posts\/93115\/revisions"}],"predecessor-version":[{"id":93119,"href":"https:\/\/www.sudoestehoje.com.br\/novoportal\/wp-json\/wp\/v2\/posts\/93115\/revisions\/93119"}],"wp:featuredmedia":[{"embeddable":true,"href":"https:\/\/www.sudoestehoje.com.br\/novoportal\/wp-json\/wp\/v2\/media\/93118"}],"wp:attachment":[{"href":"https:\/\/www.sudoestehoje.com.br\/novoportal\/wp-json\/wp\/v2\/media?parent=93115"}],"wp:term":[{"taxonomy":"category","embeddable":true,"href":"https:\/\/www.sudoestehoje.com.br\/novoportal\/wp-json\/wp\/v2\/categories?post=93115"},{"taxonomy":"post_tag","embeddable":true,"href":"https:\/\/www.sudoestehoje.com.br\/novoportal\/wp-json\/wp\/v2\/tags?post=93115"}],"curies":[{"name":"wp","href":"https:\/\/api.w.org\/{rel}","templated":true}]}}